{"id":5157,"date":"2018-11-11T17:00:47","date_gmt":"2018-11-11T16:00:47","guid":{"rendered":"http:\/\/www.alicjawegorzewska.com\/?p=5157\/"},"modified":"2018-11-11T17:00:47","modified_gmt":"2018-11-11T16:00:47","slug":"koncert-piesni-patriotycznych-niepodlegla-2018-kwidzyn-11-listopada-2018","status":"publish","type":"post","link":"http:\/\/alicjawegorzewska.com\/index.php\/2018\/11\/11\/koncert-piesni-patriotycznych-niepodlegla-2018-kwidzyn-11-listopada-2018\/","title":{"rendered":"Koncert pie\u015bni patriotycznych \u201eNiepodleg\u0142a 2018\u201d. Kwidzyn 11 listopada 2018"},"content":{"rendered":"<p>Posiedzenie Rady Powiatu Kwidzy\u0144skiego mia\u0142o charakter symboliczny. Od\u015bpiewano hymn narodowy, a radny&nbsp;<strong>Antoni Barganowski<\/strong>, kt\u00f3ry jest historykiem, wyg\u0142osi\u0142 okoliczno\u015bciowy referat. Nast\u0119pnie radni udali si\u0119 do sali koncertowej teatru, gdzie odby\u0142 si\u0119 koncert pie\u015bni patriotycznych w wykonaniu \u015bpiewaczki operowej,&nbsp;<strong>Alicji W\u0119gorzewskiej<\/strong>.<\/p>\n<p>&nbsp;<\/p>\n<p>https:\/\/kck.ckj.edu.pl\/galeria\/2018\/?single=309<\/p>\n<p>&nbsp;<\/p>\n<p><img decoding=\"async\" class=\"alignnone size-large wp-image-5161\" src=\"http:\/\/www.alicjawegorzewska.com\/wp-content\/uploads\/2019\/01\/IMG_20181111_184136-1024x768.jpg\" alt=\"\"> <img decoding=\"async\" class=\"alignnone size-large wp-image-5164\" src=\"http:\/\/www.alicjawegorzewska.com\/wp-content\/uploads\/2019\/01\/IMG_20181111_184127-1024x768.jpg\" alt=\"\"> <img decoding=\"async\" class=\"alignnone size-large wp-image-5167\" src=\"http:\/\/www.alicjawegorzewska.com\/wp-content\/uploads\/2019\/01\/IMG_20181111_134647-1024x768.jpg\" alt=\"\"><\/p>\n<p>\u201eNiepodleg\u0142a 2018\u201d to koncert pie\u015bni patriotycznych w wykonaniu Alicji W\u0119gorzewskiej, kt\u00f3re towarzyszy\u0142y Narodowi Polskiemu w trudnych chwilach, podczas wa\u017cnych wydarze\u0144 dziejowych, kt\u00f3re by\u0142y i nadal s\u0105 istotnym elementem to\u017csamo\u015bci narodowej.<\/p>\n<p>Zaprezentowane zostan\u0105 utwory m.in. z powstania styczniowego, listopadowego, warszawskiego, pie\u015bni \u017co\u0142nierskie, kt\u00f3re przez lata uzyska\u0142y status pie\u015bni narodowych.<\/p>\n<p>Ca\u0142o\u015b\u0107 po\u0142\u0105czy komentarz, osadzaj\u0105cy prezentowane utwory w wybranych kontekstach historycznych.<\/p>\n<p>Alicja W\u0119gorzewska znana i ceniona na \u015bwiecie i w Polsce \u015bpiewaczka operowa \u0142\u0105czy wspania\u0142y g\u0142os, niesamowit\u0105 osobowo\u015b\u0107 sceniczn\u0105 i doskona\u0142y talent aktorski. Wyst\u0119puje na scenach operowych, na najwi\u0119kszych Festiwalach Europy, \u015bpiewa z r\u00f3wn\u0105 \u0142atwo\u015bci\u0105 wielkie partie operowe, przepi\u0119kne utwory musicalowe, jak i utwory crossoverowe. Sama pisze teksty, produkuje przedstawienia i festiwale, prowadzi przedszkole i zajmuje si\u0119 szeroko poj\u0119t\u0105 edukacj\u0105 dzieci i m\u0142odzie\u017cy. Wielokrotnie u\u015bwietnia\u0142a swoimi wyst\u0119pami mi\u0119dzynarodowe festiwale, imprezy pa\u0144stwowe i biznesowe, wielokrotnie wita\u0142a z ca\u0142\u0105 Polsk\u0105 Nowy Rok podczas oficjalnych telewizyjnych koncert\u00f3w sylwestrowych, wyst\u0119powa\u0142a wielokrotnie w polskich plac\u00f3wkach dyplomatycznych na ca\u0142ym \u015bwiecie, u\u015bwietnia\u0142a Dni Polskie na \u015bwiecie i wydarzenia zwi\u0105zane z wej\u015bciem Polski do Unii Europejskiej, wielokrotnie wyst\u0119powa\u0142a na wydarzeniach po\u015bwi\u0119conych Janowi Paw\u0142owi II i innych chrze\u015bcija\u0144skich wydarzeniach.<\/p>\n","protected":false},"excerpt":{"rendered":"<p>Posiedzenie Rady Powiatu Kwidzy\u0144skiego mia\u0142o charakter symboliczny. Od\u015bpiewano hymn narodowy, a radny&nbsp;Antoni Barganowski, kt\u00f3ry jest historykiem, wyg\u0142osi\u0142 okoliczno\u015bciowy referat. Nast\u0119pnie radni udali si\u0119 do sali&hellip; <\/p>\n","protected":false},"author":1,"featured_media":5158,"comment_status":"closed","ping_status":"closed","sticky":false,"template":"","format":"standard","meta":{"ngg_post_thumbnail":0,"_jetpack_memberships_contains_paid_content":false,"footnotes":""},"categories":[3],"tags":[],"class_list":["post-5157","post","type-post","status-publish","format-standard","has-post-thumbnail","hentry","category-news"],"yoast_head":"<!-- This site is optimized with the Yoast SEO plugin v27.5 - https:\/\/yoast.com\/product\/yoast-seo-wordpress\/ -->\n<title>Koncert pie\u015bni patriotycznych \u201eNiepodleg\u0142a 2018\u201d. Kwidzyn 11 listopada 2018 - Alicja W\u0119gorzewska<\/title>\n<meta name=\"robots\" content=\"index, follow, max-snippet:-1, max-image-preview:large, max-video-preview:-1\" \/>\n<link rel=\"canonical\" href=\"https:\/\/alicjawegorzewska.com\/index.php\/2018\/11\/11\/koncert-piesni-patriotycznych-niepodlegla-2018-kwidzyn-11-listopada-2018\/\" \/>\n<meta property=\"og:locale\" content=\"pl_PL\" \/>\n<meta property=\"og:type\" content=\"article\" \/>\n<meta property=\"og:title\" content=\"Koncert pie\u015bni patriotycznych \u201eNiepodleg\u0142a 2018\u201d. Kwidzyn 11 listopada 2018 - Alicja W\u0119gorzewska\" \/>\n<meta property=\"og:description\" content=\"Posiedzenie Rady Powiatu Kwidzy\u0144skiego mia\u0142o charakter symboliczny. Od\u015bpiewano hymn narodowy, a radny&nbsp;Antoni Barganowski, kt\u00f3ry jest historykiem, wyg\u0142osi\u0142 okoliczno\u015bciowy referat. Nast\u0119pnie radni udali si\u0119 do sali&hellip;\" \/>\n<meta property=\"og:url\" content=\"https:\/\/alicjawegorzewska.com\/index.php\/2018\/11\/11\/koncert-piesni-patriotycznych-niepodlegla-2018-kwidzyn-11-listopada-2018\/\" \/>\n<meta property=\"og:site_name\" content=\"Alicja W\u0119gorzewska\" \/>\n<meta property=\"article:published_time\" content=\"2018-11-11T16:00:47+00:00\" \/>\n<meta name=\"author\" content=\"admin\" \/>\n<meta name=\"twitter:card\" content=\"summary_large_image\" \/>\n<meta name=\"twitter:label1\" content=\"Napisane przez\" \/>\n\t<meta name=\"twitter:data1\" content=\"admin\" \/>\n\t<meta name=\"twitter:label2\" content=\"Szacowany czas czytania\" \/>\n\t<meta name=\"twitter:data2\" content=\"1 minuta\" \/>\n<script type=\"application\/ld+json\" class=\"yoast-schema-graph\">{\"@context\":\"https:\\\/\\\/schema.org\",\"@graph\":[{\"@type\":\"Article\",\"@id\":\"https:\\\/\\\/alicjawegorzewska.com\\\/index.php\\\/2018\\\/11\\\/11\\\/koncert-piesni-patriotycznych-niepodlegla-2018-kwidzyn-11-listopada-2018\\\/#article\",\"isPartOf\":{\"@id\":\"https:\\\/\\\/alicjawegorzewska.com\\\/index.php\\\/2018\\\/11\\\/11\\\/koncert-piesni-patriotycznych-niepodlegla-2018-kwidzyn-11-listopada-2018\\\/\"},\"author\":{\"name\":\"admin\",\"@id\":\"http:\\\/\\\/alicjawegorzewska.com\\\/#\\\/schema\\\/person\\\/475664f14f11b6de18a0fe45619bdfea\"},\"headline\":\"Koncert pie\u015bni patriotycznych \u201eNiepodleg\u0142a 2018\u201d. Kwidzyn 11 listopada 2018\",\"datePublished\":\"2018-11-11T16:00:47+00:00\",\"mainEntityOfPage\":{\"@id\":\"https:\\\/\\\/alicjawegorzewska.com\\\/index.php\\\/2018\\\/11\\\/11\\\/koncert-piesni-patriotycznych-niepodlegla-2018-kwidzyn-11-listopada-2018\\\/\"},\"wordCount\":297,\"publisher\":{\"@id\":\"http:\\\/\\\/alicjawegorzewska.com\\\/#\\\/schema\\\/person\\\/7468c1c1d69a9b6e8db3fe1964cd9dcb\"},\"image\":{\"@id\":\"https:\\\/\\\/alicjawegorzewska.com\\\/index.php\\\/2018\\\/11\\\/11\\\/koncert-piesni-patriotycznych-niepodlegla-2018-kwidzyn-11-listopada-2018\\\/#primaryimage\"},\"thumbnailUrl\":\"\",\"articleSection\":[\"News\"],\"inLanguage\":\"pl-PL\"},{\"@type\":\"WebPage\",\"@id\":\"https:\\\/\\\/alicjawegorzewska.com\\\/index.php\\\/2018\\\/11\\\/11\\\/koncert-piesni-patriotycznych-niepodlegla-2018-kwidzyn-11-listopada-2018\\\/\",\"url\":\"https:\\\/\\\/alicjawegorzewska.com\\\/index.php\\\/2018\\\/11\\\/11\\\/koncert-piesni-patriotycznych-niepodlegla-2018-kwidzyn-11-listopada-2018\\\/\",\"name\":\"Koncert pie\u015bni patriotycznych \u201eNiepodleg\u0142a 2018\u201d. Kwidzyn 11 listopada 2018 - Alicja W\u0119gorzewska\",\"isPartOf\":{\"@id\":\"http:\\\/\\\/alicjawegorzewska.com\\\/#website\"},\"primaryImageOfPage\":{\"@id\":\"https:\\\/\\\/alicjawegorzewska.com\\\/index.php\\\/2018\\\/11\\\/11\\\/koncert-piesni-patriotycznych-niepodlegla-2018-kwidzyn-11-listopada-2018\\\/#primaryimage\"},\"image\":{\"@id\":\"https:\\\/\\\/alicjawegorzewska.com\\\/index.php\\\/2018\\\/11\\\/11\\\/koncert-piesni-patriotycznych-niepodlegla-2018-kwidzyn-11-listopada-2018\\\/#primaryimage\"},\"thumbnailUrl\":\"\",\"datePublished\":\"2018-11-11T16:00:47+00:00\",\"breadcrumb\":{\"@id\":\"https:\\\/\\\/alicjawegorzewska.com\\\/index.php\\\/2018\\\/11\\\/11\\\/koncert-piesni-patriotycznych-niepodlegla-2018-kwidzyn-11-listopada-2018\\\/#breadcrumb\"},\"inLanguage\":\"pl-PL\",\"potentialAction\":[{\"@type\":\"ReadAction\",\"target\":[\"https:\\\/\\\/alicjawegorzewska.com\\\/index.php\\\/2018\\\/11\\\/11\\\/koncert-piesni-patriotycznych-niepodlegla-2018-kwidzyn-11-listopada-2018\\\/\"]}]},{\"@type\":\"ImageObject\",\"inLanguage\":\"pl-PL\",\"@id\":\"https:\\\/\\\/alicjawegorzewska.com\\\/index.php\\\/2018\\\/11\\\/11\\\/koncert-piesni-patriotycznych-niepodlegla-2018-kwidzyn-11-listopada-2018\\\/#primaryimage\",\"url\":\"\",\"contentUrl\":\"\"},{\"@type\":\"BreadcrumbList\",\"@id\":\"https:\\\/\\\/alicjawegorzewska.com\\\/index.php\\\/2018\\\/11\\\/11\\\/koncert-piesni-patriotycznych-niepodlegla-2018-kwidzyn-11-listopada-2018\\\/#breadcrumb\",\"itemListElement\":[{\"@type\":\"ListItem\",\"position\":1,\"name\":\"Strona g\u0142\u00f3wna\",\"item\":\"http:\\\/\\\/alicjawegorzewska.com\\\/\"},{\"@type\":\"ListItem\",\"position\":2,\"name\":\"Koncert pie\u015bni patriotycznych \u201eNiepodleg\u0142a 2018\u201d. Kwidzyn 11 listopada 2018\"}]},{\"@type\":\"WebSite\",\"@id\":\"http:\\\/\\\/alicjawegorzewska.com\\\/#website\",\"url\":\"http:\\\/\\\/alicjawegorzewska.com\\\/\",\"name\":\"Alicja W\u0119gorzewska\",\"description\":\"Strona oficjalna\",\"publisher\":{\"@id\":\"http:\\\/\\\/alicjawegorzewska.com\\\/#\\\/schema\\\/person\\\/7468c1c1d69a9b6e8db3fe1964cd9dcb\"},\"potentialAction\":[{\"@type\":\"SearchAction\",\"target\":{\"@type\":\"EntryPoint\",\"urlTemplate\":\"http:\\\/\\\/alicjawegorzewska.com\\\/?s={search_term_string}\"},\"query-input\":{\"@type\":\"PropertyValueSpecification\",\"valueRequired\":true,\"valueName\":\"search_term_string\"}}],\"inLanguage\":\"pl-PL\"},{\"@type\":[\"Person\",\"Organization\"],\"@id\":\"http:\\\/\\\/alicjawegorzewska.com\\\/#\\\/schema\\\/person\\\/7468c1c1d69a9b6e8db3fe1964cd9dcb\",\"name\":\"Alicja W\u0119gorzewska-Whiskerd\",\"image\":{\"@type\":\"ImageObject\",\"inLanguage\":\"pl-PL\",\"@id\":\"https:\\\/\\\/alicjawegorzewska.com\\\/wp-content\\\/uploads\\\/2019\\\/10\\\/AW-2.png\",\"url\":\"https:\\\/\\\/alicjawegorzewska.com\\\/wp-content\\\/uploads\\\/2019\\\/10\\\/AW-2.png\",\"contentUrl\":\"https:\\\/\\\/alicjawegorzewska.com\\\/wp-content\\\/uploads\\\/2019\\\/10\\\/AW-2.png\",\"width\":500,\"height\":500,\"caption\":\"Alicja W\u0119gorzewska-Whiskerd\"},\"logo\":{\"@id\":\"https:\\\/\\\/alicjawegorzewska.com\\\/wp-content\\\/uploads\\\/2019\\\/10\\\/AW-2.png\"}},{\"@type\":\"Person\",\"@id\":\"http:\\\/\\\/alicjawegorzewska.com\\\/#\\\/schema\\\/person\\\/475664f14f11b6de18a0fe45619bdfea\",\"name\":\"admin\",\"image\":{\"@type\":\"ImageObject\",\"inLanguage\":\"pl-PL\",\"@id\":\"https:\\\/\\\/secure.gravatar.com\\\/avatar\\\/2d513f5f6b50cc1918d10d11d903f338c7cfa752907112d130ca1ce381bb16ca?s=96&d=mm&r=g\",\"url\":\"https:\\\/\\\/secure.gravatar.com\\\/avatar\\\/2d513f5f6b50cc1918d10d11d903f338c7cfa752907112d130ca1ce381bb16ca?s=96&d=mm&r=g\",\"contentUrl\":\"https:\\\/\\\/secure.gravatar.com\\\/avatar\\\/2d513f5f6b50cc1918d10d11d903f338c7cfa752907112d130ca1ce381bb16ca?s=96&d=mm&r=g\",\"caption\":\"admin\"},\"url\":\"http:\\\/\\\/alicjawegorzewska.com\\\/index.php\\\/author\\\/admin\\\/\"}]}<\/script>\n<!-- \/ Yoast SEO plugin. -->","yoast_head_json":{"title":"Koncert pie\u015bni patriotycznych \u201eNiepodleg\u0142a 2018\u201d. Kwidzyn 11 listopada 2018 - Alicja W\u0119gorzewska","robots":{"index":"index","follow":"follow","max-snippet":"max-snippet:-1","max-image-preview":"max-image-preview:large","max-video-preview":"max-video-preview:-1"},"canonical":"https:\/\/alicjawegorzewska.com\/index.php\/2018\/11\/11\/koncert-piesni-patriotycznych-niepodlegla-2018-kwidzyn-11-listopada-2018\/","og_locale":"pl_PL","og_type":"article","og_title":"Koncert pie\u015bni patriotycznych \u201eNiepodleg\u0142a 2018\u201d. Kwidzyn 11 listopada 2018 - Alicja W\u0119gorzewska","og_description":"Posiedzenie Rady Powiatu Kwidzy\u0144skiego mia\u0142o charakter symboliczny. Od\u015bpiewano hymn narodowy, a radny&nbsp;Antoni Barganowski, kt\u00f3ry jest historykiem, wyg\u0142osi\u0142 okoliczno\u015bciowy referat. Nast\u0119pnie radni udali si\u0119 do sali&hellip;","og_url":"https:\/\/alicjawegorzewska.com\/index.php\/2018\/11\/11\/koncert-piesni-patriotycznych-niepodlegla-2018-kwidzyn-11-listopada-2018\/","og_site_name":"Alicja W\u0119gorzewska","article_published_time":"2018-11-11T16:00:47+00:00","author":"admin","twitter_card":"summary_large_image","twitter_misc":{"Napisane przez":"admin","Szacowany czas czytania":"1 minuta"},"schema":{"@context":"https:\/\/schema.org","@graph":[{"@type":"Article","@id":"https:\/\/alicjawegorzewska.com\/index.php\/2018\/11\/11\/koncert-piesni-patriotycznych-niepodlegla-2018-kwidzyn-11-listopada-2018\/#article","isPartOf":{"@id":"https:\/\/alicjawegorzewska.com\/index.php\/2018\/11\/11\/koncert-piesni-patriotycznych-niepodlegla-2018-kwidzyn-11-listopada-2018\/"},"author":{"name":"admin","@id":"http:\/\/alicjawegorzewska.com\/#\/schema\/person\/475664f14f11b6de18a0fe45619bdfea"},"headline":"Koncert pie\u015bni patriotycznych \u201eNiepodleg\u0142a 2018\u201d. Kwidzyn 11 listopada 2018","datePublished":"2018-11-11T16:00:47+00:00","mainEntityOfPage":{"@id":"https:\/\/alicjawegorzewska.com\/index.php\/2018\/11\/11\/koncert-piesni-patriotycznych-niepodlegla-2018-kwidzyn-11-listopada-2018\/"},"wordCount":297,"publisher":{"@id":"http:\/\/alicjawegorzewska.com\/#\/schema\/person\/7468c1c1d69a9b6e8db3fe1964cd9dcb"},"image":{"@id":"https:\/\/alicjawegorzewska.com\/index.php\/2018\/11\/11\/koncert-piesni-patriotycznych-niepodlegla-2018-kwidzyn-11-listopada-2018\/#primaryimage"},"thumbnailUrl":"","articleSection":["News"],"inLanguage":"pl-PL"},{"@type":"WebPage","@id":"https:\/\/alicjawegorzewska.com\/index.php\/2018\/11\/11\/koncert-piesni-patriotycznych-niepodlegla-2018-kwidzyn-11-listopada-2018\/","url":"https:\/\/alicjawegorzewska.com\/index.php\/2018\/11\/11\/koncert-piesni-patriotycznych-niepodlegla-2018-kwidzyn-11-listopada-2018\/","name":"Koncert pie\u015bni patriotycznych \u201eNiepodleg\u0142a 2018\u201d. Kwidzyn 11 listopada 2018 - Alicja W\u0119gorzewska","isPartOf":{"@id":"http:\/\/alicjawegorzewska.com\/#website"},"primaryImageOfPage":{"@id":"https:\/\/alicjawegorzewska.com\/index.php\/2018\/11\/11\/koncert-piesni-patriotycznych-niepodlegla-2018-kwidzyn-11-listopada-2018\/#primaryimage"},"image":{"@id":"https:\/\/alicjawegorzewska.com\/index.php\/2018\/11\/11\/koncert-piesni-patriotycznych-niepodlegla-2018-kwidzyn-11-listopada-2018\/#primaryimage"},"thumbnailUrl":"","datePublished":"2018-11-11T16:00:47+00:00","breadcrumb":{"@id":"https:\/\/alicjawegorzewska.com\/index.php\/2018\/11\/11\/koncert-piesni-patriotycznych-niepodlegla-2018-kwidzyn-11-listopada-2018\/#breadcrumb"},"inLanguage":"pl-PL","potentialAction":[{"@type":"ReadAction","target":["https:\/\/alicjawegorzewska.com\/index.php\/2018\/11\/11\/koncert-piesni-patriotycznych-niepodlegla-2018-kwidzyn-11-listopada-2018\/"]}]},{"@type":"ImageObject","inLanguage":"pl-PL","@id":"https:\/\/alicjawegorzewska.com\/index.php\/2018\/11\/11\/koncert-piesni-patriotycznych-niepodlegla-2018-kwidzyn-11-listopada-2018\/#primaryimage","url":"","contentUrl":""},{"@type":"BreadcrumbList","@id":"https:\/\/alicjawegorzewska.com\/index.php\/2018\/11\/11\/koncert-piesni-patriotycznych-niepodlegla-2018-kwidzyn-11-listopada-2018\/#breadcrumb","itemListElement":[{"@type":"ListItem","position":1,"name":"Strona g\u0142\u00f3wna","item":"http:\/\/alicjawegorzewska.com\/"},{"@type":"ListItem","position":2,"name":"Koncert pie\u015bni patriotycznych \u201eNiepodleg\u0142a 2018\u201d. Kwidzyn 11 listopada 2018"}]},{"@type":"WebSite","@id":"http:\/\/alicjawegorzewska.com\/#website","url":"http:\/\/alicjawegorzewska.com\/","name":"Alicja W\u0119gorzewska","description":"Strona oficjalna","publisher":{"@id":"http:\/\/alicjawegorzewska.com\/#\/schema\/person\/7468c1c1d69a9b6e8db3fe1964cd9dcb"},"potentialAction":[{"@type":"SearchAction","target":{"@type":"EntryPoint","urlTemplate":"http:\/\/alicjawegorzewska.com\/?s={search_term_string}"},"query-input":{"@type":"PropertyValueSpecification","valueRequired":true,"valueName":"search_term_string"}}],"inLanguage":"pl-PL"},{"@type":["Person","Organization"],"@id":"http:\/\/alicjawegorzewska.com\/#\/schema\/person\/7468c1c1d69a9b6e8db3fe1964cd9dcb","name":"Alicja W\u0119gorzewska-Whiskerd","image":{"@type":"ImageObject","inLanguage":"pl-PL","@id":"https:\/\/alicjawegorzewska.com\/wp-content\/uploads\/2019\/10\/AW-2.png","url":"https:\/\/alicjawegorzewska.com\/wp-content\/uploads\/2019\/10\/AW-2.png","contentUrl":"https:\/\/alicjawegorzewska.com\/wp-content\/uploads\/2019\/10\/AW-2.png","width":500,"height":500,"caption":"Alicja W\u0119gorzewska-Whiskerd"},"logo":{"@id":"https:\/\/alicjawegorzewska.com\/wp-content\/uploads\/2019\/10\/AW-2.png"}},{"@type":"Person","@id":"http:\/\/alicjawegorzewska.com\/#\/schema\/person\/475664f14f11b6de18a0fe45619bdfea","name":"admin","image":{"@type":"ImageObject","inLanguage":"pl-PL","@id":"https:\/\/secure.gravatar.com\/avatar\/2d513f5f6b50cc1918d10d11d903f338c7cfa752907112d130ca1ce381bb16ca?s=96&d=mm&r=g","url":"https:\/\/secure.gravatar.com\/avatar\/2d513f5f6b50cc1918d10d11d903f338c7cfa752907112d130ca1ce381bb16ca?s=96&d=mm&r=g","contentUrl":"https:\/\/secure.gravatar.com\/avatar\/2d513f5f6b50cc1918d10d11d903f338c7cfa752907112d130ca1ce381bb16ca?s=96&d=mm&r=g","caption":"admin"},"url":"http:\/\/alicjawegorzewska.com\/index.php\/author\/admin\/"}]}},"jetpack_featured_media_url":"","jetpack_sharing_enabled":true,"_links":{"self":[{"href":"http:\/\/alicjawegorzewska.com\/index.php\/wp-json\/wp\/v2\/posts\/5157","targetHints":{"allow":["GET"]}}],"collection":[{"href":"http:\/\/alicjawegorzewska.com\/index.php\/wp-json\/wp\/v2\/posts"}],"about":[{"href":"http:\/\/alicjawegorzewska.com\/index.php\/wp-json\/wp\/v2\/types\/post"}],"author":[{"embeddable":true,"href":"http:\/\/alicjawegorzewska.com\/index.php\/wp-json\/wp\/v2\/users\/1"}],"replies":[{"embeddable":true,"href":"http:\/\/alicjawegorzewska.com\/index.php\/wp-json\/wp\/v2\/comments?post=5157"}],"version-history":[{"count":0,"href":"http:\/\/alicjawegorzewska.com\/index.php\/wp-json\/wp\/v2\/posts\/5157\/revisions"}],"wp:featuredmedia":[{"embeddable":true,"href":"http:\/\/alicjawegorzewska.com\/index.php\/wp-json\/"}],"wp:attachment":[{"href":"http:\/\/alicjawegorzewska.com\/index.php\/wp-json\/wp\/v2\/media?parent=5157"}],"wp:term":[{"taxonomy":"category","embeddable":true,"href":"http:\/\/alicjawegorzewska.com\/index.php\/wp-json\/wp\/v2\/categories?post=5157"},{"taxonomy":"post_tag","embeddable":true,"href":"http:\/\/alicjawegorzewska.com\/index.php\/wp-json\/wp\/v2\/tags?post=5157"}],"curies":[{"name":"wp","href":"https:\/\/api.w.org\/{rel}","templated":true}]}}