{"id":4315,"date":"2016-03-25T13:38:47","date_gmt":"2016-03-25T12:38:47","guid":{"rendered":"http:\/\/www.alicjawegorzewska.com\/?p=4315"},"modified":"2016-03-25T13:38:47","modified_gmt":"2016-03-25T12:38:47","slug":"20-festiwal-gwiazd-w-miedzyzdrojach-2-lipca-2015","status":"publish","type":"post","link":"http:\/\/alicjawegorzewska.com\/index.php\/2016\/03\/25\/20-festiwal-gwiazd-w-miedzyzdrojach-2-lipca-2015\/","title":{"rendered":"20 Festiwal Gwiazd w Mi\u0119dzyzdrojach &#8211; 2 lipca 2015"},"content":{"rendered":"<p>Konferencja Prasowa<\/p>\n<p><a href=\"http:\/\/www.alicjawegorzewska.com\/wp-content\/uploads\/2016\/03\/10502256_399721543567419_3527594885775234666_n.jpg\"><img decoding=\"async\" class=\"alignnone size-thumbnail wp-image-4316\" src=\"http:\/\/www.alicjawegorzewska.com\/wp-content\/uploads\/2016\/03\/10502256_399721543567419_3527594885775234666_n-150x150.jpg\" alt=\"10502256_399721543567419_3527594885775234666_n\" \/><\/a>\u00a0<a href=\"http:\/\/www.alicjawegorzewska.com\/wp-content\/uploads\/2016\/03\/11667515_399722043567369_8858999101469805093_n.jpg\"><img decoding=\"async\" class=\"alignnone size-thumbnail wp-image-4317\" src=\"http:\/\/www.alicjawegorzewska.com\/wp-content\/uploads\/2016\/03\/11667515_399722043567369_8858999101469805093_n-150x150.jpg\" alt=\"11667515_399722043567369_8858999101469805093_n\" \/><\/a> <a href=\"http:\/\/www.alicjawegorzewska.com\/wp-content\/uploads\/2016\/03\/11695734_399721563567417_5917965933133668149_n.jpg\"><img decoding=\"async\" class=\"alignnone size-thumbnail wp-image-4318\" src=\"http:\/\/www.alicjawegorzewska.com\/wp-content\/uploads\/2016\/03\/11695734_399721563567417_5917965933133668149_n-150x150.jpg\" alt=\"11695734_399721563567417_5917965933133668149_n\" \/><\/a> <a href=\"http:\/\/www.alicjawegorzewska.com\/wp-content\/uploads\/2016\/03\/11700938_399721496900757_7066150539224096563_n.jpg\"><img decoding=\"async\" class=\"alignnone size-thumbnail wp-image-4319\" src=\"http:\/\/www.alicjawegorzewska.com\/wp-content\/uploads\/2016\/03\/11700938_399721496900757_7066150539224096563_n-150x150.jpg\" alt=\"11700938_399721496900757_7066150539224096563_n\" \/><\/a> <a href=\"http:\/\/www.alicjawegorzewska.com\/wp-content\/uploads\/2016\/03\/10995389_399721256900781_3073186490255499925_n.jpg\"><img decoding=\"async\" class=\"alignnone size-thumbnail wp-image-4320\" src=\"http:\/\/www.alicjawegorzewska.com\/wp-content\/uploads\/2016\/03\/10995389_399721256900781_3073186490255499925_n-150x150.jpg\" alt=\"10995389_399721256900781_3073186490255499925_n\" \/><\/a> <a href=\"http:\/\/www.alicjawegorzewska.com\/wp-content\/uploads\/2016\/03\/11707515_399720853567488_3123203208333536669_n.jpg\"><img decoding=\"async\" class=\"alignnone size-thumbnail wp-image-4321\" src=\"http:\/\/www.alicjawegorzewska.com\/wp-content\/uploads\/2016\/03\/11707515_399720853567488_3123203208333536669_n-150x150.jpg\" alt=\"11707515_399720853567488_3123203208333536669_n\" \/><\/a> <a href=\"http:\/\/www.alicjawegorzewska.com\/wp-content\/uploads\/2016\/03\/11659382_399721446900762_7379643755442603715_n.jpg\"><img decoding=\"async\" class=\"alignnone size-thumbnail wp-image-4322\" src=\"http:\/\/www.alicjawegorzewska.com\/wp-content\/uploads\/2016\/03\/11659382_399721446900762_7379643755442603715_n-150x150.jpg\" alt=\"11659382_399721446900762_7379643755442603715_n\" \/><\/a> <a href=\"http:\/\/www.alicjawegorzewska.com\/wp-content\/uploads\/2016\/03\/11692501_399719663567607_9001694591915815584_n.jpg\"><img decoding=\"async\" class=\"alignnone size-thumbnail wp-image-4323\" src=\"http:\/\/www.alicjawegorzewska.com\/wp-content\/uploads\/2016\/03\/11692501_399719663567607_9001694591915815584_n-150x150.jpg\" alt=\"11692501_399719663567607_9001694591915815584_n\" \/><\/a> <a href=\"http:\/\/www.alicjawegorzewska.com\/wp-content\/uploads\/2016\/03\/11694756_399719576900949_830840650703270235_n.jpg\"><img decoding=\"async\" class=\"alignnone size-thumbnail wp-image-4324\" src=\"http:\/\/www.alicjawegorzewska.com\/wp-content\/uploads\/2016\/03\/11694756_399719576900949_830840650703270235_n-150x150.jpg\" alt=\"11694756_399719576900949_830840650703270235_n\" \/><\/a> <a href=\"http:\/\/www.alicjawegorzewska.com\/wp-content\/uploads\/2016\/03\/11666176_399721170234123_1580428271553769237_n.jpg\"><img decoding=\"async\" class=\"alignnone size-thumbnail wp-image-4325\" src=\"http:\/\/www.alicjawegorzewska.com\/wp-content\/uploads\/2016\/03\/11666176_399721170234123_1580428271553769237_n-150x150.jpg\" alt=\"11666176_399721170234123_1580428271553769237_n\" \/><\/a><\/p>\n<p>Wywiady<\/p>\n<p><a href=\"http:\/\/www.alicjawegorzewska.com\/wp-content\/uploads\/2016\/03\/11698844_399738353565738_3341615907981692773_n.jpg\"><img decoding=\"async\" class=\"alignnone size-thumbnail wp-image-4326\" src=\"http:\/\/www.alicjawegorzewska.com\/wp-content\/uploads\/2016\/03\/11698844_399738353565738_3341615907981692773_n-150x150.jpg\" alt=\"11698844_399738353565738_3341615907981692773_n\" \/><\/a> <a href=\"http:\/\/www.alicjawegorzewska.com\/wp-content\/uploads\/2016\/03\/11701105_399738333565740_3413722844011987469_n.jpg\"><img decoding=\"async\" class=\"alignnone size-thumbnail wp-image-4327\" src=\"http:\/\/www.alicjawegorzewska.com\/wp-content\/uploads\/2016\/03\/11701105_399738333565740_3413722844011987469_n-150x150.jpg\" alt=\"11701105_399738333565740_3413722844011987469_n\" \/><\/a> <a href=\"http:\/\/www.alicjawegorzewska.com\/wp-content\/uploads\/2016\/03\/11039307_399738246899082_4827763278407441519_n.jpg\"><img decoding=\"async\" class=\"alignnone size-thumbnail wp-image-4328\" src=\"http:\/\/www.alicjawegorzewska.com\/wp-content\/uploads\/2016\/03\/11039307_399738246899082_4827763278407441519_n-150x150.jpg\" alt=\"11039307_399738246899082_4827763278407441519_n\" \/><\/a> <a href=\"http:\/\/www.alicjawegorzewska.com\/wp-content\/uploads\/2016\/03\/11403399_399738276899079_5011665603736891431_n.jpg\"><img decoding=\"async\" class=\"alignnone size-thumbnail wp-image-4329\" src=\"http:\/\/www.alicjawegorzewska.com\/wp-content\/uploads\/2016\/03\/11403399_399738276899079_5011665603736891431_n-150x150.jpg\" alt=\"11403399_399738276899079_5011665603736891431_n\" \/><\/a> <a href=\"http:\/\/www.alicjawegorzewska.com\/wp-content\/uploads\/2016\/03\/11111606_399738210232419_2322097332936110062_n.jpg\"><img decoding=\"async\" class=\"alignnone size-thumbnail wp-image-4330\" src=\"http:\/\/www.alicjawegorzewska.com\/wp-content\/uploads\/2016\/03\/11111606_399738210232419_2322097332936110062_n-150x150.jpg\" alt=\"11111606_399738210232419_2322097332936110062_n\" \/><\/a> <a href=\"http:\/\/www.alicjawegorzewska.com\/wp-content\/uploads\/2016\/03\/11041099_399737536899153_3997462686605957271_n.jpg\"><img decoding=\"async\" class=\"alignnone size-thumbnail wp-image-4331\" src=\"http:\/\/www.alicjawegorzewska.com\/wp-content\/uploads\/2016\/03\/11041099_399737536899153_3997462686605957271_n-150x150.jpg\" alt=\"11041099_399737536899153_3997462686605957271_n\" \/><\/a> <a href=\"http:\/\/www.alicjawegorzewska.com\/wp-content\/uploads\/2016\/03\/11659419_399738026899104_9007520220738564811_n.jpg\"><img decoding=\"async\" class=\"alignnone size-thumbnail wp-image-4332\" src=\"http:\/\/www.alicjawegorzewska.com\/wp-content\/uploads\/2016\/03\/11659419_399738026899104_9007520220738564811_n-150x150.jpg\" alt=\"11659419_399738026899104_9007520220738564811_n\" \/><\/a> <a href=\"http:\/\/www.alicjawegorzewska.com\/wp-content\/uploads\/2016\/03\/11403252_399738110232429_1106552324372336622_n.jpg\"><img decoding=\"async\" class=\"alignnone size-thumbnail wp-image-4333\" src=\"http:\/\/www.alicjawegorzewska.com\/wp-content\/uploads\/2016\/03\/11403252_399738110232429_1106552324372336622_n-150x150.jpg\" alt=\"11403252_399738110232429_1106552324372336622_n\" \/><\/a> <a href=\"http:\/\/www.alicjawegorzewska.com\/wp-content\/uploads\/2016\/03\/11698556_399738106899096_2809527429125964704_n.jpg\"><img decoding=\"async\" class=\"alignnone size-thumbnail wp-image-4334\" src=\"http:\/\/www.alicjawegorzewska.com\/wp-content\/uploads\/2016\/03\/11698556_399738106899096_2809527429125964704_n-150x150.jpg\" alt=\"11698556_399738106899096_2809527429125964704_n\" \/><\/a> <a href=\"http:\/\/www.alicjawegorzewska.com\/wp-content\/uploads\/2016\/03\/11350730_399737476899159_4563166442697495467_n.jpg\"><img decoding=\"async\" class=\"alignnone size-thumbnail wp-image-4335\" src=\"http:\/\/www.alicjawegorzewska.com\/wp-content\/uploads\/2016\/03\/11350730_399737476899159_4563166442697495467_n-150x150.jpg\" alt=\"11350730_399737476899159_4563166442697495467_n\" \/><\/a> <a href=\"http:\/\/www.alicjawegorzewska.com\/wp-content\/uploads\/2016\/03\/11695976_399737323565841_1001024330921463848_n.jpg\"><img decoding=\"async\" class=\"alignnone size-thumbnail wp-image-4336\" src=\"http:\/\/www.alicjawegorzewska.com\/wp-content\/uploads\/2016\/03\/11695976_399737323565841_1001024330921463848_n-150x150.jpg\" alt=\"11695976_399737323565841_1001024330921463848_n\" \/><\/a><\/p>\n<p>&nbsp;<\/p>\n<p>Recital<\/p>\n<h1>Klasycznie i przebojowo<\/h1>\n<h2>(Mi\u0119dzyzdroje) Czwartkowy dzie\u0144 festiwalowy jubileuszowego 20. Festiwalu Gwiazd to r\u00f3wnie\u017c zachwycaj\u0105cy publiczno\u015b\u0107 koncert \u201eI Collori Dell&#8217; Amore\u201d mezzosopraniski Alicji W\u0119gorzewskiej.<\/h2>\n<p>&nbsp;<\/p>\n<p><span style=\"font-family: Arial, sans-serif;\"><span style=\"font-size: small;\">Recital artystki w sali kasyna hotelu Amber Baltic odby\u0142 si\u0119 z udzia\u0142em skrzypka i aran\u017cera Bogdana Kierejszy. Mezzosopranistka A. W\u0119gorzewska prezentowa\u0142a piosenki ze swojej p\u0142yty \u201eI Collori Dell&#8217; Amore\u201d. Utwory to zestaw wyj\u0105tkowych kompozycji do w\u0142oskich tekst\u00f3w napisanych przez artystk\u0119 stylem wykraczaj\u0105cych poza standardowe ramy. Piosenki s\u0105 bowiem klasyczno-popow\u0105 produkcj\u0105 Tomka Szymusia. Artystka da\u0142a popis p\u0142ynnego przechodzenia z jednego w drugi styl muzyczny tworz\u0105c przy tym \u015bwietny nastr\u00f3j.<\/span><\/span><\/p>\n<p>http:\/\/www.wyspiarzniebieski.pl\/aktualnosci\/14563,1,klasycznie-i-przebojowo.html<\/p>\n<p><a href=\"http:\/\/www.alicjawegorzewska.com\/wp-content\/uploads\/2016\/03\/11050645_399651266907780_5426376107985818911_n.jpg\"><img decoding=\"async\" class=\"alignnone size-thumbnail wp-image-4337\" src=\"http:\/\/www.alicjawegorzewska.com\/wp-content\/uploads\/2016\/03\/11050645_399651266907780_5426376107985818911_n-150x150.jpg\" alt=\"11050645_399651266907780_5426376107985818911_n\" \/><\/a> <a href=\"http:\/\/www.alicjawegorzewska.com\/wp-content\/uploads\/2016\/03\/11659322_399651310241109_2722872770607568530_n.jpg\"><img decoding=\"async\" class=\"alignnone size-thumbnail wp-image-4338\" src=\"http:\/\/www.alicjawegorzewska.com\/wp-content\/uploads\/2016\/03\/11659322_399651310241109_2722872770607568530_n-150x150.jpg\" alt=\"11659322_399651310241109_2722872770607568530_n\" \/><\/a> <a href=\"http:\/\/www.alicjawegorzewska.com\/wp-content\/uploads\/2016\/03\/19027_399650920241148_5637211657595427807_n.jpg\"><img decoding=\"async\" class=\"alignnone size-thumbnail wp-image-4339\" src=\"http:\/\/www.alicjawegorzewska.com\/wp-content\/uploads\/2016\/03\/19027_399650920241148_5637211657595427807_n-150x150.jpg\" alt=\"19027_399650920241148_5637211657595427807_n\" \/><\/a> <a href=\"http:\/\/www.alicjawegorzewska.com\/wp-content\/uploads\/2016\/03\/11540932_399650533574520_1272247268298326773_n.jpg\"><img decoding=\"async\" class=\"alignnone size-thumbnail wp-image-4340\" src=\"http:\/\/www.alicjawegorzewska.com\/wp-content\/uploads\/2016\/03\/11540932_399650533574520_1272247268298326773_n-150x150.jpg\" alt=\"11540932_399650533574520_1272247268298326773_n\" \/><\/a> <a href=\"http:\/\/www.alicjawegorzewska.com\/wp-content\/uploads\/2016\/03\/11265266_399650553574518_6235402276715284122_n.jpg\"><img decoding=\"async\" class=\"alignnone size-thumbnail wp-image-4341\" src=\"http:\/\/www.alicjawegorzewska.com\/wp-content\/uploads\/2016\/03\/11265266_399650553574518_6235402276715284122_n-150x150.jpg\" alt=\"11265266_399650553574518_6235402276715284122_n\" \/><\/a> <a href=\"http:\/\/www.alicjawegorzewska.com\/wp-content\/uploads\/2016\/03\/11703030_399650476907859_2405313038977595481_n.jpg\"><img decoding=\"async\" class=\"alignnone size-thumbnail wp-image-4342\" src=\"http:\/\/www.alicjawegorzewska.com\/wp-content\/uploads\/2016\/03\/11703030_399650476907859_2405313038977595481_n-150x150.jpg\" alt=\"11703030_399650476907859_2405313038977595481_n\" \/><\/a> <a href=\"http:\/\/www.alicjawegorzewska.com\/wp-content\/uploads\/2016\/03\/11703198_399651923574381_1429594828026744840_n.jpg\"><img decoding=\"async\" class=\"alignnone size-thumbnail wp-image-4343\" src=\"http:\/\/www.alicjawegorzewska.com\/wp-content\/uploads\/2016\/03\/11703198_399651923574381_1429594828026744840_n-150x150.jpg\" alt=\"11703198_399651923574381_1429594828026744840_n\" \/><\/a><\/p>\n","protected":false},"excerpt":{"rendered":"<p>Konferencja Prasowa \u00a0 Wywiady &nbsp; Recital Klasycznie i przebojowo (Mi\u0119dzyzdroje) Czwartkowy dzie\u0144 festiwalowy jubileuszowego 20. Festiwalu Gwiazd to r\u00f3wnie\u017c zachwycaj\u0105cy publiczno\u015b\u0107 koncert \u201eI Collori Dell&#8217;&hellip; <\/p>\n","protected":false},"author":1,"featured_media":4319,"comment_status":"closed","ping_status":"closed","sticky":false,"template":"","format":"standard","meta":{"ngg_post_thumbnail":0,"_jetpack_memberships_contains_paid_content":false,"footnotes":""},"categories":[3],"tags":[],"class_list":["post-4315","post","type-post","status-publish","format-standard","has-post-thumbnail","hentry","category-news"],"yoast_head":"<!-- This site is optimized with the Yoast SEO plugin v27.5 - https:\/\/yoast.com\/product\/yoast-seo-wordpress\/ -->\n<title>20 Festiwal Gwiazd w Mi\u0119dzyzdrojach - 2 lipca 2015 - Alicja W\u0119gorzewska<\/title>\n<meta name=\"robots\" content=\"index, follow, max-snippet:-1, max-image-preview:large, max-video-preview:-1\" \/>\n<link rel=\"canonical\" href=\"http:\/\/alicjawegorzewska.com\/index.php\/2016\/03\/25\/20-festiwal-gwiazd-w-miedzyzdrojach-2-lipca-2015\/\" \/>\n<meta property=\"og:locale\" content=\"pl_PL\" \/>\n<meta property=\"og:type\" content=\"article\" \/>\n<meta property=\"og:title\" content=\"20 Festiwal Gwiazd w Mi\u0119dzyzdrojach - 2 lipca 2015 - Alicja W\u0119gorzewska\" \/>\n<meta property=\"og:description\" content=\"Konferencja Prasowa \u00a0 Wywiady &nbsp; Recital Klasycznie i przebojowo (Mi\u0119dzyzdroje) Czwartkowy dzie\u0144 festiwalowy jubileuszowego 20. Festiwalu Gwiazd to r\u00f3wnie\u017c zachwycaj\u0105cy publiczno\u015b\u0107 koncert \u201eI Collori Dell&#8217;&hellip;\" \/>\n<meta property=\"og:url\" content=\"http:\/\/alicjawegorzewska.com\/index.php\/2016\/03\/25\/20-festiwal-gwiazd-w-miedzyzdrojach-2-lipca-2015\/\" \/>\n<meta property=\"og:site_name\" content=\"Alicja W\u0119gorzewska\" \/>\n<meta property=\"article:published_time\" content=\"2016-03-25T12:38:47+00:00\" \/>\n<meta name=\"author\" content=\"admin\" \/>\n<meta name=\"twitter:card\" content=\"summary_large_image\" \/>\n<meta name=\"twitter:label1\" content=\"Napisane przez\" \/>\n\t<meta name=\"twitter:data1\" content=\"admin\" \/>\n\t<meta name=\"twitter:label2\" content=\"Szacowany czas czytania\" \/>\n\t<meta name=\"twitter:data2\" content=\"1 minuta\" \/>\n<script type=\"application\/ld+json\" class=\"yoast-schema-graph\">{\"@context\":\"https:\\\/\\\/schema.org\",\"@graph\":[{\"@type\":\"Article\",\"@id\":\"http:\\\/\\\/alicjawegorzewska.com\\\/index.php\\\/2016\\\/03\\\/25\\\/20-festiwal-gwiazd-w-miedzyzdrojach-2-lipca-2015\\\/#article\",\"isPartOf\":{\"@id\":\"http:\\\/\\\/alicjawegorzewska.com\\\/index.php\\\/2016\\\/03\\\/25\\\/20-festiwal-gwiazd-w-miedzyzdrojach-2-lipca-2015\\\/\"},\"author\":{\"name\":\"admin\",\"@id\":\"http:\\\/\\\/alicjawegorzewska.com\\\/#\\\/schema\\\/person\\\/475664f14f11b6de18a0fe45619bdfea\"},\"headline\":\"20 Festiwal Gwiazd w Mi\u0119dzyzdrojach &#8211; 2 lipca 2015\",\"datePublished\":\"2016-03-25T12:38:47+00:00\",\"mainEntityOfPage\":{\"@id\":\"http:\\\/\\\/alicjawegorzewska.com\\\/index.php\\\/2016\\\/03\\\/25\\\/20-festiwal-gwiazd-w-miedzyzdrojach-2-lipca-2015\\\/\"},\"wordCount\":127,\"publisher\":{\"@id\":\"http:\\\/\\\/alicjawegorzewska.com\\\/#\\\/schema\\\/person\\\/7468c1c1d69a9b6e8db3fe1964cd9dcb\"},\"image\":{\"@id\":\"http:\\\/\\\/alicjawegorzewska.com\\\/index.php\\\/2016\\\/03\\\/25\\\/20-festiwal-gwiazd-w-miedzyzdrojach-2-lipca-2015\\\/#primaryimage\"},\"thumbnailUrl\":\"\",\"articleSection\":[\"News\"],\"inLanguage\":\"pl-PL\"},{\"@type\":\"WebPage\",\"@id\":\"http:\\\/\\\/alicjawegorzewska.com\\\/index.php\\\/2016\\\/03\\\/25\\\/20-festiwal-gwiazd-w-miedzyzdrojach-2-lipca-2015\\\/\",\"url\":\"http:\\\/\\\/alicjawegorzewska.com\\\/index.php\\\/2016\\\/03\\\/25\\\/20-festiwal-gwiazd-w-miedzyzdrojach-2-lipca-2015\\\/\",\"name\":\"20 Festiwal Gwiazd w Mi\u0119dzyzdrojach - 2 lipca 2015 - Alicja W\u0119gorzewska\",\"isPartOf\":{\"@id\":\"http:\\\/\\\/alicjawegorzewska.com\\\/#website\"},\"primaryImageOfPage\":{\"@id\":\"http:\\\/\\\/alicjawegorzewska.com\\\/index.php\\\/2016\\\/03\\\/25\\\/20-festiwal-gwiazd-w-miedzyzdrojach-2-lipca-2015\\\/#primaryimage\"},\"image\":{\"@id\":\"http:\\\/\\\/alicjawegorzewska.com\\\/index.php\\\/2016\\\/03\\\/25\\\/20-festiwal-gwiazd-w-miedzyzdrojach-2-lipca-2015\\\/#primaryimage\"},\"thumbnailUrl\":\"\",\"datePublished\":\"2016-03-25T12:38:47+00:00\",\"breadcrumb\":{\"@id\":\"http:\\\/\\\/alicjawegorzewska.com\\\/index.php\\\/2016\\\/03\\\/25\\\/20-festiwal-gwiazd-w-miedzyzdrojach-2-lipca-2015\\\/#breadcrumb\"},\"inLanguage\":\"pl-PL\",\"potentialAction\":[{\"@type\":\"ReadAction\",\"target\":[\"http:\\\/\\\/alicjawegorzewska.com\\\/index.php\\\/2016\\\/03\\\/25\\\/20-festiwal-gwiazd-w-miedzyzdrojach-2-lipca-2015\\\/\"]}]},{\"@type\":\"ImageObject\",\"inLanguage\":\"pl-PL\",\"@id\":\"http:\\\/\\\/alicjawegorzewska.com\\\/index.php\\\/2016\\\/03\\\/25\\\/20-festiwal-gwiazd-w-miedzyzdrojach-2-lipca-2015\\\/#primaryimage\",\"url\":\"\",\"contentUrl\":\"\"},{\"@type\":\"BreadcrumbList\",\"@id\":\"http:\\\/\\\/alicjawegorzewska.com\\\/index.php\\\/2016\\\/03\\\/25\\\/20-festiwal-gwiazd-w-miedzyzdrojach-2-lipca-2015\\\/#breadcrumb\",\"itemListElement\":[{\"@type\":\"ListItem\",\"position\":1,\"name\":\"Strona g\u0142\u00f3wna\",\"item\":\"http:\\\/\\\/alicjawegorzewska.com\\\/\"},{\"@type\":\"ListItem\",\"position\":2,\"name\":\"20 Festiwal Gwiazd w Mi\u0119dzyzdrojach &#8211; 2 lipca 2015\"}]},{\"@type\":\"WebSite\",\"@id\":\"http:\\\/\\\/alicjawegorzewska.com\\\/#website\",\"url\":\"http:\\\/\\\/alicjawegorzewska.com\\\/\",\"name\":\"Alicja W\u0119gorzewska\",\"description\":\"Strona oficjalna\",\"publisher\":{\"@id\":\"http:\\\/\\\/alicjawegorzewska.com\\\/#\\\/schema\\\/person\\\/7468c1c1d69a9b6e8db3fe1964cd9dcb\"},\"potentialAction\":[{\"@type\":\"SearchAction\",\"target\":{\"@type\":\"EntryPoint\",\"urlTemplate\":\"http:\\\/\\\/alicjawegorzewska.com\\\/?s={search_term_string}\"},\"query-input\":{\"@type\":\"PropertyValueSpecification\",\"valueRequired\":true,\"valueName\":\"search_term_string\"}}],\"inLanguage\":\"pl-PL\"},{\"@type\":[\"Person\",\"Organization\"],\"@id\":\"http:\\\/\\\/alicjawegorzewska.com\\\/#\\\/schema\\\/person\\\/7468c1c1d69a9b6e8db3fe1964cd9dcb\",\"name\":\"Alicja W\u0119gorzewska-Whiskerd\",\"image\":{\"@type\":\"ImageObject\",\"inLanguage\":\"pl-PL\",\"@id\":\"https:\\\/\\\/alicjawegorzewska.com\\\/wp-content\\\/uploads\\\/2019\\\/10\\\/AW-2.png\",\"url\":\"https:\\\/\\\/alicjawegorzewska.com\\\/wp-content\\\/uploads\\\/2019\\\/10\\\/AW-2.png\",\"contentUrl\":\"https:\\\/\\\/alicjawegorzewska.com\\\/wp-content\\\/uploads\\\/2019\\\/10\\\/AW-2.png\",\"width\":500,\"height\":500,\"caption\":\"Alicja W\u0119gorzewska-Whiskerd\"},\"logo\":{\"@id\":\"https:\\\/\\\/alicjawegorzewska.com\\\/wp-content\\\/uploads\\\/2019\\\/10\\\/AW-2.png\"}},{\"@type\":\"Person\",\"@id\":\"http:\\\/\\\/alicjawegorzewska.com\\\/#\\\/schema\\\/person\\\/475664f14f11b6de18a0fe45619bdfea\",\"name\":\"admin\",\"image\":{\"@type\":\"ImageObject\",\"inLanguage\":\"pl-PL\",\"@id\":\"https:\\\/\\\/secure.gravatar.com\\\/avatar\\\/2d513f5f6b50cc1918d10d11d903f338c7cfa752907112d130ca1ce381bb16ca?s=96&d=mm&r=g\",\"url\":\"https:\\\/\\\/secure.gravatar.com\\\/avatar\\\/2d513f5f6b50cc1918d10d11d903f338c7cfa752907112d130ca1ce381bb16ca?s=96&d=mm&r=g\",\"contentUrl\":\"https:\\\/\\\/secure.gravatar.com\\\/avatar\\\/2d513f5f6b50cc1918d10d11d903f338c7cfa752907112d130ca1ce381bb16ca?s=96&d=mm&r=g\",\"caption\":\"admin\"},\"url\":\"http:\\\/\\\/alicjawegorzewska.com\\\/index.php\\\/author\\\/admin\\\/\"}]}<\/script>\n<!-- \/ Yoast SEO plugin. -->","yoast_head_json":{"title":"20 Festiwal Gwiazd w Mi\u0119dzyzdrojach - 2 lipca 2015 - Alicja W\u0119gorzewska","robots":{"index":"index","follow":"follow","max-snippet":"max-snippet:-1","max-image-preview":"max-image-preview:large","max-video-preview":"max-video-preview:-1"},"canonical":"http:\/\/alicjawegorzewska.com\/index.php\/2016\/03\/25\/20-festiwal-gwiazd-w-miedzyzdrojach-2-lipca-2015\/","og_locale":"pl_PL","og_type":"article","og_title":"20 Festiwal Gwiazd w Mi\u0119dzyzdrojach - 2 lipca 2015 - Alicja W\u0119gorzewska","og_description":"Konferencja Prasowa \u00a0 Wywiady &nbsp; Recital Klasycznie i przebojowo (Mi\u0119dzyzdroje) Czwartkowy dzie\u0144 festiwalowy jubileuszowego 20. Festiwalu Gwiazd to r\u00f3wnie\u017c zachwycaj\u0105cy publiczno\u015b\u0107 koncert \u201eI Collori Dell&#8217;&hellip;","og_url":"http:\/\/alicjawegorzewska.com\/index.php\/2016\/03\/25\/20-festiwal-gwiazd-w-miedzyzdrojach-2-lipca-2015\/","og_site_name":"Alicja W\u0119gorzewska","article_published_time":"2016-03-25T12:38:47+00:00","author":"admin","twitter_card":"summary_large_image","twitter_misc":{"Napisane przez":"admin","Szacowany czas czytania":"1 minuta"},"schema":{"@context":"https:\/\/schema.org","@graph":[{"@type":"Article","@id":"http:\/\/alicjawegorzewska.com\/index.php\/2016\/03\/25\/20-festiwal-gwiazd-w-miedzyzdrojach-2-lipca-2015\/#article","isPartOf":{"@id":"http:\/\/alicjawegorzewska.com\/index.php\/2016\/03\/25\/20-festiwal-gwiazd-w-miedzyzdrojach-2-lipca-2015\/"},"author":{"name":"admin","@id":"http:\/\/alicjawegorzewska.com\/#\/schema\/person\/475664f14f11b6de18a0fe45619bdfea"},"headline":"20 Festiwal Gwiazd w Mi\u0119dzyzdrojach &#8211; 2 lipca 2015","datePublished":"2016-03-25T12:38:47+00:00","mainEntityOfPage":{"@id":"http:\/\/alicjawegorzewska.com\/index.php\/2016\/03\/25\/20-festiwal-gwiazd-w-miedzyzdrojach-2-lipca-2015\/"},"wordCount":127,"publisher":{"@id":"http:\/\/alicjawegorzewska.com\/#\/schema\/person\/7468c1c1d69a9b6e8db3fe1964cd9dcb"},"image":{"@id":"http:\/\/alicjawegorzewska.com\/index.php\/2016\/03\/25\/20-festiwal-gwiazd-w-miedzyzdrojach-2-lipca-2015\/#primaryimage"},"thumbnailUrl":"","articleSection":["News"],"inLanguage":"pl-PL"},{"@type":"WebPage","@id":"http:\/\/alicjawegorzewska.com\/index.php\/2016\/03\/25\/20-festiwal-gwiazd-w-miedzyzdrojach-2-lipca-2015\/","url":"http:\/\/alicjawegorzewska.com\/index.php\/2016\/03\/25\/20-festiwal-gwiazd-w-miedzyzdrojach-2-lipca-2015\/","name":"20 Festiwal Gwiazd w Mi\u0119dzyzdrojach - 2 lipca 2015 - Alicja W\u0119gorzewska","isPartOf":{"@id":"http:\/\/alicjawegorzewska.com\/#website"},"primaryImageOfPage":{"@id":"http:\/\/alicjawegorzewska.com\/index.php\/2016\/03\/25\/20-festiwal-gwiazd-w-miedzyzdrojach-2-lipca-2015\/#primaryimage"},"image":{"@id":"http:\/\/alicjawegorzewska.com\/index.php\/2016\/03\/25\/20-festiwal-gwiazd-w-miedzyzdrojach-2-lipca-2015\/#primaryimage"},"thumbnailUrl":"","datePublished":"2016-03-25T12:38:47+00:00","breadcrumb":{"@id":"http:\/\/alicjawegorzewska.com\/index.php\/2016\/03\/25\/20-festiwal-gwiazd-w-miedzyzdrojach-2-lipca-2015\/#breadcrumb"},"inLanguage":"pl-PL","potentialAction":[{"@type":"ReadAction","target":["http:\/\/alicjawegorzewska.com\/index.php\/2016\/03\/25\/20-festiwal-gwiazd-w-miedzyzdrojach-2-lipca-2015\/"]}]},{"@type":"ImageObject","inLanguage":"pl-PL","@id":"http:\/\/alicjawegorzewska.com\/index.php\/2016\/03\/25\/20-festiwal-gwiazd-w-miedzyzdrojach-2-lipca-2015\/#primaryimage","url":"","contentUrl":""},{"@type":"BreadcrumbList","@id":"http:\/\/alicjawegorzewska.com\/index.php\/2016\/03\/25\/20-festiwal-gwiazd-w-miedzyzdrojach-2-lipca-2015\/#breadcrumb","itemListElement":[{"@type":"ListItem","position":1,"name":"Strona g\u0142\u00f3wna","item":"http:\/\/alicjawegorzewska.com\/"},{"@type":"ListItem","position":2,"name":"20 Festiwal Gwiazd w Mi\u0119dzyzdrojach &#8211; 2 lipca 2015"}]},{"@type":"WebSite","@id":"http:\/\/alicjawegorzewska.com\/#website","url":"http:\/\/alicjawegorzewska.com\/","name":"Alicja W\u0119gorzewska","description":"Strona oficjalna","publisher":{"@id":"http:\/\/alicjawegorzewska.com\/#\/schema\/person\/7468c1c1d69a9b6e8db3fe1964cd9dcb"},"potentialAction":[{"@type":"SearchAction","target":{"@type":"EntryPoint","urlTemplate":"http:\/\/alicjawegorzewska.com\/?s={search_term_string}"},"query-input":{"@type":"PropertyValueSpecification","valueRequired":true,"valueName":"search_term_string"}}],"inLanguage":"pl-PL"},{"@type":["Person","Organization"],"@id":"http:\/\/alicjawegorzewska.com\/#\/schema\/person\/7468c1c1d69a9b6e8db3fe1964cd9dcb","name":"Alicja W\u0119gorzewska-Whiskerd","image":{"@type":"ImageObject","inLanguage":"pl-PL","@id":"https:\/\/alicjawegorzewska.com\/wp-content\/uploads\/2019\/10\/AW-2.png","url":"https:\/\/alicjawegorzewska.com\/wp-content\/uploads\/2019\/10\/AW-2.png","contentUrl":"https:\/\/alicjawegorzewska.com\/wp-content\/uploads\/2019\/10\/AW-2.png","width":500,"height":500,"caption":"Alicja W\u0119gorzewska-Whiskerd"},"logo":{"@id":"https:\/\/alicjawegorzewska.com\/wp-content\/uploads\/2019\/10\/AW-2.png"}},{"@type":"Person","@id":"http:\/\/alicjawegorzewska.com\/#\/schema\/person\/475664f14f11b6de18a0fe45619bdfea","name":"admin","image":{"@type":"ImageObject","inLanguage":"pl-PL","@id":"https:\/\/secure.gravatar.com\/avatar\/2d513f5f6b50cc1918d10d11d903f338c7cfa752907112d130ca1ce381bb16ca?s=96&d=mm&r=g","url":"https:\/\/secure.gravatar.com\/avatar\/2d513f5f6b50cc1918d10d11d903f338c7cfa752907112d130ca1ce381bb16ca?s=96&d=mm&r=g","contentUrl":"https:\/\/secure.gravatar.com\/avatar\/2d513f5f6b50cc1918d10d11d903f338c7cfa752907112d130ca1ce381bb16ca?s=96&d=mm&r=g","caption":"admin"},"url":"http:\/\/alicjawegorzewska.com\/index.php\/author\/admin\/"}]}},"jetpack_featured_media_url":"","jetpack_sharing_enabled":true,"_links":{"self":[{"href":"http:\/\/alicjawegorzewska.com\/index.php\/wp-json\/wp\/v2\/posts\/4315","targetHints":{"allow":["GET"]}}],"collection":[{"href":"http:\/\/alicjawegorzewska.com\/index.php\/wp-json\/wp\/v2\/posts"}],"about":[{"href":"http:\/\/alicjawegorzewska.com\/index.php\/wp-json\/wp\/v2\/types\/post"}],"author":[{"embeddable":true,"href":"http:\/\/alicjawegorzewska.com\/index.php\/wp-json\/wp\/v2\/users\/1"}],"replies":[{"embeddable":true,"href":"http:\/\/alicjawegorzewska.com\/index.php\/wp-json\/wp\/v2\/comments?post=4315"}],"version-history":[{"count":0,"href":"http:\/\/alicjawegorzewska.com\/index.php\/wp-json\/wp\/v2\/posts\/4315\/revisions"}],"wp:featuredmedia":[{"embeddable":true,"href":"http:\/\/alicjawegorzewska.com\/index.php\/wp-json\/"}],"wp:attachment":[{"href":"http:\/\/alicjawegorzewska.com\/index.php\/wp-json\/wp\/v2\/media?parent=4315"}],"wp:term":[{"taxonomy":"category","embeddable":true,"href":"http:\/\/alicjawegorzewska.com\/index.php\/wp-json\/wp\/v2\/categories?post=4315"},{"taxonomy":"post_tag","embeddable":true,"href":"http:\/\/alicjawegorzewska.com\/index.php\/wp-json\/wp\/v2\/tags?post=4315"}],"curies":[{"name":"wp","href":"https:\/\/api.w.org\/{rel}","templated":true}]}}