{"id":3678,"date":"2014-12-27T19:34:49","date_gmt":"2014-12-27T18:34:49","guid":{"rendered":"http:\/\/www.alicjawegorzewska.com\/?p=3678"},"modified":"2014-12-27T19:34:49","modified_gmt":"2014-12-27T18:34:49","slug":"fajka-pokoju-27-12-2014-boze-narodzenie-polsat-news","status":"publish","type":"post","link":"http:\/\/alicjawegorzewska.com\/index.php\/2014\/12\/27\/fajka-pokoju-27-12-2014-boze-narodzenie-polsat-news\/","title":{"rendered":"Fajka pokoju &#8211; 27.12.2014  &#8211; Bo\u017ce Narodzenie &#8211; Polsat News"},"content":{"rendered":"<p><a href=\"http:\/\/www.ipla.tv\/Fajka-pokoju-27-12-2014\/vod-6107316\" target=\"_blank\" rel=\"noopener noreferrer\">http:\/\/www.ipla.tv\/Fajka-pokoju-27-12-2014\/vod-6107316<\/a><\/p>\n<p>&nbsp;<\/p>\n<p><a href=\"http:\/\/www.alicjawegorzewska.com\/wp-content\/uploads\/2015\/01\/ipla-Fajkapokoju-2014-12.jpg\"><img decoding=\"async\" class=\"alignnone size-full wp-image-3679\" src=\"http:\/\/www.alicjawegorzewska.com\/wp-content\/uploads\/2015\/01\/ipla-Fajkapokoju-2014-12.jpg\" alt=\"ipla Fajkapokoju 2014 12\" \/><\/a><\/p>\n<p>&nbsp;<\/p>\n<p>W specjalnym wydaniu programu Jolanty Fajkowskiej o Bo\u017cym Narodzeniu i \u015bwi\u0105tecznych obyczajach opowiada\u0142y znane panie &#8211; Halina Kunicka (piosenkarka), Magdalena Zawadzka (aktorka), Ewa Zi\u0119tek (aktorka) i Alicja W\u0119gorzewska (\u015bpiewaczka operowa).<\/p>\n<p>&nbsp;<\/p>\n<p>\u017br\u00f3d\u0142o: IPLA<\/p>\n","protected":false},"excerpt":{"rendered":"<p>Bo\u017ce Narodzenie<\/p>\n","protected":false},"author":1,"featured_media":3679,"comment_status":"closed","ping_status":"closed","sticky":false,"template":"","format":"standard","meta":{"ngg_post_thumbnail":0,"_jetpack_memberships_contains_paid_content":false,"footnotes":""},"categories":[3],"tags":[],"class_list":["post-3678","post","type-post","status-publish","format-standard","has-post-thumbnail","hentry","category-news"],"yoast_head":"<!-- This site is optimized with the Yoast SEO plugin v27.5 - https:\/\/yoast.com\/product\/yoast-seo-wordpress\/ -->\n<title>Fajka pokoju - 27.12.2014 - Bo\u017ce Narodzenie - Polsat News - Alicja W\u0119gorzewska<\/title>\n<meta name=\"robots\" content=\"index, follow, max-snippet:-1, max-image-preview:large, max-video-preview:-1\" \/>\n<link rel=\"canonical\" href=\"http:\/\/alicjawegorzewska.com\/index.php\/2014\/12\/27\/fajka-pokoju-27-12-2014-boze-narodzenie-polsat-news\/\" \/>\n<meta property=\"og:locale\" content=\"pl_PL\" \/>\n<meta property=\"og:type\" content=\"article\" \/>\n<meta property=\"og:title\" content=\"Fajka pokoju - 27.12.2014 - Bo\u017ce Narodzenie - Polsat News - Alicja W\u0119gorzewska\" \/>\n<meta property=\"og:description\" content=\"Bo\u017ce Narodzenie\" \/>\n<meta property=\"og:url\" content=\"http:\/\/alicjawegorzewska.com\/index.php\/2014\/12\/27\/fajka-pokoju-27-12-2014-boze-narodzenie-polsat-news\/\" \/>\n<meta property=\"og:site_name\" content=\"Alicja W\u0119gorzewska\" \/>\n<meta property=\"article:published_time\" content=\"2014-12-27T18:34:49+00:00\" \/>\n<meta name=\"author\" content=\"admin\" \/>\n<meta name=\"twitter:card\" content=\"summary_large_image\" \/>\n<meta name=\"twitter:label1\" content=\"Napisane przez\" \/>\n\t<meta name=\"twitter:data1\" content=\"admin\" \/>\n<script type=\"application\/ld+json\" class=\"yoast-schema-graph\">{\"@context\":\"https:\\\/\\\/schema.org\",\"@graph\":[{\"@type\":\"Article\",\"@id\":\"http:\\\/\\\/alicjawegorzewska.com\\\/index.php\\\/2014\\\/12\\\/27\\\/fajka-pokoju-27-12-2014-boze-narodzenie-polsat-news\\\/#article\",\"isPartOf\":{\"@id\":\"http:\\\/\\\/alicjawegorzewska.com\\\/index.php\\\/2014\\\/12\\\/27\\\/fajka-pokoju-27-12-2014-boze-narodzenie-polsat-news\\\/\"},\"author\":{\"name\":\"admin\",\"@id\":\"http:\\\/\\\/alicjawegorzewska.com\\\/#\\\/schema\\\/person\\\/475664f14f11b6de18a0fe45619bdfea\"},\"headline\":\"Fajka pokoju &#8211; 27.12.2014 &#8211; Bo\u017ce Narodzenie &#8211; Polsat News\",\"datePublished\":\"2014-12-27T18:34:49+00:00\",\"mainEntityOfPage\":{\"@id\":\"http:\\\/\\\/alicjawegorzewska.com\\\/index.php\\\/2014\\\/12\\\/27\\\/fajka-pokoju-27-12-2014-boze-narodzenie-polsat-news\\\/\"},\"wordCount\":60,\"publisher\":{\"@id\":\"http:\\\/\\\/alicjawegorzewska.com\\\/#\\\/schema\\\/person\\\/7468c1c1d69a9b6e8db3fe1964cd9dcb\"},\"image\":{\"@id\":\"http:\\\/\\\/alicjawegorzewska.com\\\/index.php\\\/2014\\\/12\\\/27\\\/fajka-pokoju-27-12-2014-boze-narodzenie-polsat-news\\\/#primaryimage\"},\"thumbnailUrl\":\"\",\"articleSection\":[\"News\"],\"inLanguage\":\"pl-PL\"},{\"@type\":\"WebPage\",\"@id\":\"http:\\\/\\\/alicjawegorzewska.com\\\/index.php\\\/2014\\\/12\\\/27\\\/fajka-pokoju-27-12-2014-boze-narodzenie-polsat-news\\\/\",\"url\":\"http:\\\/\\\/alicjawegorzewska.com\\\/index.php\\\/2014\\\/12\\\/27\\\/fajka-pokoju-27-12-2014-boze-narodzenie-polsat-news\\\/\",\"name\":\"Fajka pokoju - 27.12.2014 - Bo\u017ce Narodzenie - Polsat News - Alicja W\u0119gorzewska\",\"isPartOf\":{\"@id\":\"http:\\\/\\\/alicjawegorzewska.com\\\/#website\"},\"primaryImageOfPage\":{\"@id\":\"http:\\\/\\\/alicjawegorzewska.com\\\/index.php\\\/2014\\\/12\\\/27\\\/fajka-pokoju-27-12-2014-boze-narodzenie-polsat-news\\\/#primaryimage\"},\"image\":{\"@id\":\"http:\\\/\\\/alicjawegorzewska.com\\\/index.php\\\/2014\\\/12\\\/27\\\/fajka-pokoju-27-12-2014-boze-narodzenie-polsat-news\\\/#primaryimage\"},\"thumbnailUrl\":\"\",\"datePublished\":\"2014-12-27T18:34:49+00:00\",\"breadcrumb\":{\"@id\":\"http:\\\/\\\/alicjawegorzewska.com\\\/index.php\\\/2014\\\/12\\\/27\\\/fajka-pokoju-27-12-2014-boze-narodzenie-polsat-news\\\/#breadcrumb\"},\"inLanguage\":\"pl-PL\",\"potentialAction\":[{\"@type\":\"ReadAction\",\"target\":[\"http:\\\/\\\/alicjawegorzewska.com\\\/index.php\\\/2014\\\/12\\\/27\\\/fajka-pokoju-27-12-2014-boze-narodzenie-polsat-news\\\/\"]}]},{\"@type\":\"ImageObject\",\"inLanguage\":\"pl-PL\",\"@id\":\"http:\\\/\\\/alicjawegorzewska.com\\\/index.php\\\/2014\\\/12\\\/27\\\/fajka-pokoju-27-12-2014-boze-narodzenie-polsat-news\\\/#primaryimage\",\"url\":\"\",\"contentUrl\":\"\"},{\"@type\":\"BreadcrumbList\",\"@id\":\"http:\\\/\\\/alicjawegorzewska.com\\\/index.php\\\/2014\\\/12\\\/27\\\/fajka-pokoju-27-12-2014-boze-narodzenie-polsat-news\\\/#breadcrumb\",\"itemListElement\":[{\"@type\":\"ListItem\",\"position\":1,\"name\":\"Strona g\u0142\u00f3wna\",\"item\":\"http:\\\/\\\/alicjawegorzewska.com\\\/\"},{\"@type\":\"ListItem\",\"position\":2,\"name\":\"Fajka pokoju &#8211; 27.12.2014 &#8211; Bo\u017ce Narodzenie &#8211; Polsat News\"}]},{\"@type\":\"WebSite\",\"@id\":\"http:\\\/\\\/alicjawegorzewska.com\\\/#website\",\"url\":\"http:\\\/\\\/alicjawegorzewska.com\\\/\",\"name\":\"Alicja W\u0119gorzewska\",\"description\":\"Strona oficjalna\",\"publisher\":{\"@id\":\"http:\\\/\\\/alicjawegorzewska.com\\\/#\\\/schema\\\/person\\\/7468c1c1d69a9b6e8db3fe1964cd9dcb\"},\"potentialAction\":[{\"@type\":\"SearchAction\",\"target\":{\"@type\":\"EntryPoint\",\"urlTemplate\":\"http:\\\/\\\/alicjawegorzewska.com\\\/?s={search_term_string}\"},\"query-input\":{\"@type\":\"PropertyValueSpecification\",\"valueRequired\":true,\"valueName\":\"search_term_string\"}}],\"inLanguage\":\"pl-PL\"},{\"@type\":[\"Person\",\"Organization\"],\"@id\":\"http:\\\/\\\/alicjawegorzewska.com\\\/#\\\/schema\\\/person\\\/7468c1c1d69a9b6e8db3fe1964cd9dcb\",\"name\":\"Alicja W\u0119gorzewska-Whiskerd\",\"image\":{\"@type\":\"ImageObject\",\"inLanguage\":\"pl-PL\",\"@id\":\"https:\\\/\\\/alicjawegorzewska.com\\\/wp-content\\\/uploads\\\/2019\\\/10\\\/AW-2.png\",\"url\":\"https:\\\/\\\/alicjawegorzewska.com\\\/wp-content\\\/uploads\\\/2019\\\/10\\\/AW-2.png\",\"contentUrl\":\"https:\\\/\\\/alicjawegorzewska.com\\\/wp-content\\\/uploads\\\/2019\\\/10\\\/AW-2.png\",\"width\":500,\"height\":500,\"caption\":\"Alicja W\u0119gorzewska-Whiskerd\"},\"logo\":{\"@id\":\"https:\\\/\\\/alicjawegorzewska.com\\\/wp-content\\\/uploads\\\/2019\\\/10\\\/AW-2.png\"}},{\"@type\":\"Person\",\"@id\":\"http:\\\/\\\/alicjawegorzewska.com\\\/#\\\/schema\\\/person\\\/475664f14f11b6de18a0fe45619bdfea\",\"name\":\"admin\",\"image\":{\"@type\":\"ImageObject\",\"inLanguage\":\"pl-PL\",\"@id\":\"https:\\\/\\\/secure.gravatar.com\\\/avatar\\\/2d513f5f6b50cc1918d10d11d903f338c7cfa752907112d130ca1ce381bb16ca?s=96&d=mm&r=g\",\"url\":\"https:\\\/\\\/secure.gravatar.com\\\/avatar\\\/2d513f5f6b50cc1918d10d11d903f338c7cfa752907112d130ca1ce381bb16ca?s=96&d=mm&r=g\",\"contentUrl\":\"https:\\\/\\\/secure.gravatar.com\\\/avatar\\\/2d513f5f6b50cc1918d10d11d903f338c7cfa752907112d130ca1ce381bb16ca?s=96&d=mm&r=g\",\"caption\":\"admin\"},\"url\":\"http:\\\/\\\/alicjawegorzewska.com\\\/index.php\\\/author\\\/admin\\\/\"}]}<\/script>\n<!-- \/ Yoast SEO plugin. -->","yoast_head_json":{"title":"Fajka pokoju - 27.12.2014 - Bo\u017ce Narodzenie - Polsat News - Alicja W\u0119gorzewska","robots":{"index":"index","follow":"follow","max-snippet":"max-snippet:-1","max-image-preview":"max-image-preview:large","max-video-preview":"max-video-preview:-1"},"canonical":"http:\/\/alicjawegorzewska.com\/index.php\/2014\/12\/27\/fajka-pokoju-27-12-2014-boze-narodzenie-polsat-news\/","og_locale":"pl_PL","og_type":"article","og_title":"Fajka pokoju - 27.12.2014 - Bo\u017ce Narodzenie - Polsat News - Alicja W\u0119gorzewska","og_description":"Bo\u017ce Narodzenie","og_url":"http:\/\/alicjawegorzewska.com\/index.php\/2014\/12\/27\/fajka-pokoju-27-12-2014-boze-narodzenie-polsat-news\/","og_site_name":"Alicja W\u0119gorzewska","article_published_time":"2014-12-27T18:34:49+00:00","author":"admin","twitter_card":"summary_large_image","twitter_misc":{"Napisane przez":"admin"},"schema":{"@context":"https:\/\/schema.org","@graph":[{"@type":"Article","@id":"http:\/\/alicjawegorzewska.com\/index.php\/2014\/12\/27\/fajka-pokoju-27-12-2014-boze-narodzenie-polsat-news\/#article","isPartOf":{"@id":"http:\/\/alicjawegorzewska.com\/index.php\/2014\/12\/27\/fajka-pokoju-27-12-2014-boze-narodzenie-polsat-news\/"},"author":{"name":"admin","@id":"http:\/\/alicjawegorzewska.com\/#\/schema\/person\/475664f14f11b6de18a0fe45619bdfea"},"headline":"Fajka pokoju &#8211; 27.12.2014 &#8211; Bo\u017ce Narodzenie &#8211; Polsat News","datePublished":"2014-12-27T18:34:49+00:00","mainEntityOfPage":{"@id":"http:\/\/alicjawegorzewska.com\/index.php\/2014\/12\/27\/fajka-pokoju-27-12-2014-boze-narodzenie-polsat-news\/"},"wordCount":60,"publisher":{"@id":"http:\/\/alicjawegorzewska.com\/#\/schema\/person\/7468c1c1d69a9b6e8db3fe1964cd9dcb"},"image":{"@id":"http:\/\/alicjawegorzewska.com\/index.php\/2014\/12\/27\/fajka-pokoju-27-12-2014-boze-narodzenie-polsat-news\/#primaryimage"},"thumbnailUrl":"","articleSection":["News"],"inLanguage":"pl-PL"},{"@type":"WebPage","@id":"http:\/\/alicjawegorzewska.com\/index.php\/2014\/12\/27\/fajka-pokoju-27-12-2014-boze-narodzenie-polsat-news\/","url":"http:\/\/alicjawegorzewska.com\/index.php\/2014\/12\/27\/fajka-pokoju-27-12-2014-boze-narodzenie-polsat-news\/","name":"Fajka pokoju - 27.12.2014 - Bo\u017ce Narodzenie - Polsat News - Alicja W\u0119gorzewska","isPartOf":{"@id":"http:\/\/alicjawegorzewska.com\/#website"},"primaryImageOfPage":{"@id":"http:\/\/alicjawegorzewska.com\/index.php\/2014\/12\/27\/fajka-pokoju-27-12-2014-boze-narodzenie-polsat-news\/#primaryimage"},"image":{"@id":"http:\/\/alicjawegorzewska.com\/index.php\/2014\/12\/27\/fajka-pokoju-27-12-2014-boze-narodzenie-polsat-news\/#primaryimage"},"thumbnailUrl":"","datePublished":"2014-12-27T18:34:49+00:00","breadcrumb":{"@id":"http:\/\/alicjawegorzewska.com\/index.php\/2014\/12\/27\/fajka-pokoju-27-12-2014-boze-narodzenie-polsat-news\/#breadcrumb"},"inLanguage":"pl-PL","potentialAction":[{"@type":"ReadAction","target":["http:\/\/alicjawegorzewska.com\/index.php\/2014\/12\/27\/fajka-pokoju-27-12-2014-boze-narodzenie-polsat-news\/"]}]},{"@type":"ImageObject","inLanguage":"pl-PL","@id":"http:\/\/alicjawegorzewska.com\/index.php\/2014\/12\/27\/fajka-pokoju-27-12-2014-boze-narodzenie-polsat-news\/#primaryimage","url":"","contentUrl":""},{"@type":"BreadcrumbList","@id":"http:\/\/alicjawegorzewska.com\/index.php\/2014\/12\/27\/fajka-pokoju-27-12-2014-boze-narodzenie-polsat-news\/#breadcrumb","itemListElement":[{"@type":"ListItem","position":1,"name":"Strona g\u0142\u00f3wna","item":"http:\/\/alicjawegorzewska.com\/"},{"@type":"ListItem","position":2,"name":"Fajka pokoju &#8211; 27.12.2014 &#8211; Bo\u017ce Narodzenie &#8211; Polsat News"}]},{"@type":"WebSite","@id":"http:\/\/alicjawegorzewska.com\/#website","url":"http:\/\/alicjawegorzewska.com\/","name":"Alicja W\u0119gorzewska","description":"Strona oficjalna","publisher":{"@id":"http:\/\/alicjawegorzewska.com\/#\/schema\/person\/7468c1c1d69a9b6e8db3fe1964cd9dcb"},"potentialAction":[{"@type":"SearchAction","target":{"@type":"EntryPoint","urlTemplate":"http:\/\/alicjawegorzewska.com\/?s={search_term_string}"},"query-input":{"@type":"PropertyValueSpecification","valueRequired":true,"valueName":"search_term_string"}}],"inLanguage":"pl-PL"},{"@type":["Person","Organization"],"@id":"http:\/\/alicjawegorzewska.com\/#\/schema\/person\/7468c1c1d69a9b6e8db3fe1964cd9dcb","name":"Alicja W\u0119gorzewska-Whiskerd","image":{"@type":"ImageObject","inLanguage":"pl-PL","@id":"https:\/\/alicjawegorzewska.com\/wp-content\/uploads\/2019\/10\/AW-2.png","url":"https:\/\/alicjawegorzewska.com\/wp-content\/uploads\/2019\/10\/AW-2.png","contentUrl":"https:\/\/alicjawegorzewska.com\/wp-content\/uploads\/2019\/10\/AW-2.png","width":500,"height":500,"caption":"Alicja W\u0119gorzewska-Whiskerd"},"logo":{"@id":"https:\/\/alicjawegorzewska.com\/wp-content\/uploads\/2019\/10\/AW-2.png"}},{"@type":"Person","@id":"http:\/\/alicjawegorzewska.com\/#\/schema\/person\/475664f14f11b6de18a0fe45619bdfea","name":"admin","image":{"@type":"ImageObject","inLanguage":"pl-PL","@id":"https:\/\/secure.gravatar.com\/avatar\/2d513f5f6b50cc1918d10d11d903f338c7cfa752907112d130ca1ce381bb16ca?s=96&d=mm&r=g","url":"https:\/\/secure.gravatar.com\/avatar\/2d513f5f6b50cc1918d10d11d903f338c7cfa752907112d130ca1ce381bb16ca?s=96&d=mm&r=g","contentUrl":"https:\/\/secure.gravatar.com\/avatar\/2d513f5f6b50cc1918d10d11d903f338c7cfa752907112d130ca1ce381bb16ca?s=96&d=mm&r=g","caption":"admin"},"url":"http:\/\/alicjawegorzewska.com\/index.php\/author\/admin\/"}]}},"jetpack_featured_media_url":"","jetpack_sharing_enabled":true,"_links":{"self":[{"href":"http:\/\/alicjawegorzewska.com\/index.php\/wp-json\/wp\/v2\/posts\/3678","targetHints":{"allow":["GET"]}}],"collection":[{"href":"http:\/\/alicjawegorzewska.com\/index.php\/wp-json\/wp\/v2\/posts"}],"about":[{"href":"http:\/\/alicjawegorzewska.com\/index.php\/wp-json\/wp\/v2\/types\/post"}],"author":[{"embeddable":true,"href":"http:\/\/alicjawegorzewska.com\/index.php\/wp-json\/wp\/v2\/users\/1"}],"replies":[{"embeddable":true,"href":"http:\/\/alicjawegorzewska.com\/index.php\/wp-json\/wp\/v2\/comments?post=3678"}],"version-history":[{"count":0,"href":"http:\/\/alicjawegorzewska.com\/index.php\/wp-json\/wp\/v2\/posts\/3678\/revisions"}],"wp:featuredmedia":[{"embeddable":true,"href":"http:\/\/alicjawegorzewska.com\/index.php\/wp-json\/"}],"wp:attachment":[{"href":"http:\/\/alicjawegorzewska.com\/index.php\/wp-json\/wp\/v2\/media?parent=3678"}],"wp:term":[{"taxonomy":"category","embeddable":true,"href":"http:\/\/alicjawegorzewska.com\/index.php\/wp-json\/wp\/v2\/categories?post=3678"},{"taxonomy":"post_tag","embeddable":true,"href":"http:\/\/alicjawegorzewska.com\/index.php\/wp-json\/wp\/v2\/tags?post=3678"}],"curies":[{"name":"wp","href":"https:\/\/api.w.org\/{rel}","templated":true}]}}