{"id":3610,"date":"2014-10-22T18:00:20","date_gmt":"2014-10-22T16:00:20","guid":{"rendered":"http:\/\/www.alicjawegorzewska.com\/?p=3610"},"modified":"2014-10-22T18:00:20","modified_gmt":"2014-10-22T16:00:20","slug":"kulturalne-spotkania-koncert-mieszkancow-gminny-bojadla-22-pazniernika-2014","status":"publish","type":"post","link":"http:\/\/alicjawegorzewska.com\/index.php\/2014\/10\/22\/kulturalne-spotkania-koncert-mieszkancow-gminny-bojadla-22-pazniernika-2014\/","title":{"rendered":"Kulturalne spotkania &#8211; Koncert dla mieszka\u0144c\u00f3w gminny Bojad\u0142a &#8211; 22 pa\u017aniernika 2014"},"content":{"rendered":"<p>\u017ar\u00f3d\u0142o :<a title=\"Bojad\u0142a\" href=\"\u00a0http:\/\/www.bojadla.pl\/PL\/strona_glowna\/0\/818\/JESIENNE_WSPOMNIENIE_OPEROWEGO_KONCERTU_W_GOK-u\/#\">Bojad\u0142a<\/a><\/p>\n<div class=\"informationHead\">\n<div class=\"header\">JESIENNE WSPOMNIENIE OPEROWEGO KONCERTU W GOK-u<\/div>\n<\/div>\n<div class=\"informationBody\">\n<div class=\"text\">\n<div class=\"paragraph\">\n<div>Kolejne kulturalne spotkanie mieszka\u0144c\u00f3w naszej gminy za nami. Tym razem na scenie Gminnego O\u015brodka Kultury wyst\u0105pi\u0142a \u015bwiatowej s\u0142awy \u015bpiewaczka operowa Alicja W\u0119gorzewska. Artystka \u2013 znana nam r\u00f3wnie\u017c jako juror w znanym programie telewizyjnym \u201eBitwa na g\u0142osy\u201d &#8211; uczestniczy\u0142a w wielu mi\u0119dzynarodowych festiwalach operowych. Koncert w Bojad\u0142ach odby\u0142 si\u0119 w dniu 22 pa\u017adziernika 2014 r. z inicjatywy prof. dr hab. n. med. Alfreda Owoca oraz W\u00f3jta Gminy Bojad\u0142a Grzegorza Doszel. Dzi\u0119ki nim nasi mieszka\u0144cy mogli na \u017cywo us\u0142ysze\u0107 pi\u0119kne partie operowe w wykonaniu Pani Wegorzewskiej.<\/div>\n<div><\/div>\n<div>\u00a0<a href=\"http:\/\/www.alicjawegorzewska.com\/wp-content\/uploads\/2014\/11\/Bojadla-201408.jpg\"><img decoding=\"async\" class=\"alignnone size-medium wp-image-3612\" src=\"http:\/\/www.alicjawegorzewska.com\/wp-content\/uploads\/2014\/11\/Bojadla-201408-300x225.jpg\" alt=\"Bojadla 201408\" \/><\/a> <a href=\"http:\/\/www.alicjawegorzewska.com\/wp-content\/uploads\/2014\/11\/Bojadla-201409.jpg\"><img decoding=\"async\" class=\"alignnone size-medium wp-image-3613\" src=\"http:\/\/www.alicjawegorzewska.com\/wp-content\/uploads\/2014\/11\/Bojadla-201409-225x300.jpg\" alt=\"Bojadla 201409\" \/><\/a> <a href=\"http:\/\/www.alicjawegorzewska.com\/wp-content\/uploads\/2014\/11\/Bojadla-201410.jpg\"><img decoding=\"async\" class=\"alignnone size-medium wp-image-3614\" src=\"http:\/\/www.alicjawegorzewska.com\/wp-content\/uploads\/2014\/11\/Bojadla-201410-225x300.jpg\" alt=\"Bojadla 201410\" \/><\/a> <a href=\"http:\/\/www.alicjawegorzewska.com\/wp-content\/uploads\/2014\/11\/Bojadla-201411.jpg\"><img decoding=\"async\" class=\"alignnone size-medium wp-image-3615\" src=\"http:\/\/www.alicjawegorzewska.com\/wp-content\/uploads\/2014\/11\/Bojadla-201411-300x225.jpg\" alt=\"Bojadla 201411\" \/><\/a> <a href=\"http:\/\/www.alicjawegorzewska.com\/wp-content\/uploads\/2014\/11\/Bojadla-201412.jpg\"><img decoding=\"async\" class=\"alignnone size-medium wp-image-3616\" src=\"http:\/\/www.alicjawegorzewska.com\/wp-content\/uploads\/2014\/11\/Bojadla-201412-300x225.jpg\" alt=\"Bojadla 201412\" \/><\/a> <a href=\"http:\/\/www.alicjawegorzewska.com\/wp-content\/uploads\/2014\/11\/Bojadla-201401.jpg\"><img decoding=\"async\" class=\"alignnone size-medium wp-image-3617\" src=\"http:\/\/www.alicjawegorzewska.com\/wp-content\/uploads\/2014\/11\/Bojadla-201401-300x199.jpg\" alt=\"Bojadla 201401\" \/><\/a> <a href=\"http:\/\/www.alicjawegorzewska.com\/wp-content\/uploads\/2014\/11\/Bojadla-201402.jpg\"><img decoding=\"async\" class=\"alignnone size-medium wp-image-3618\" src=\"http:\/\/www.alicjawegorzewska.com\/wp-content\/uploads\/2014\/11\/Bojadla-201402-300x199.jpg\" alt=\"Bojadla 201402\" \/><\/a> <a href=\"http:\/\/www.alicjawegorzewska.com\/wp-content\/uploads\/2014\/11\/Bojadla-201403.jpg\"><img decoding=\"async\" class=\"alignnone size-medium wp-image-3619\" src=\"http:\/\/www.alicjawegorzewska.com\/wp-content\/uploads\/2014\/11\/Bojadla-201403-300x225.jpg\" alt=\"Bojadla 201403\" \/><\/a> <a href=\"http:\/\/www.alicjawegorzewska.com\/wp-content\/uploads\/2014\/11\/Bojadla-201404.jpg\"><img decoding=\"async\" class=\"alignnone size-medium wp-image-3620\" src=\"http:\/\/www.alicjawegorzewska.com\/wp-content\/uploads\/2014\/11\/Bojadla-201404-225x300.jpg\" alt=\"Bojadla 201404\" \/><\/a> <a href=\"http:\/\/www.alicjawegorzewska.com\/wp-content\/uploads\/2014\/11\/Bojadla-201405.jpg\"><img decoding=\"async\" class=\"alignnone size-medium wp-image-3621\" src=\"http:\/\/www.alicjawegorzewska.com\/wp-content\/uploads\/2014\/11\/Bojadla-201405-300x225.jpg\" alt=\"Bojadla 201405\" \/><\/a> <a href=\"http:\/\/www.alicjawegorzewska.com\/wp-content\/uploads\/2014\/11\/Bojadla-201406.jpg\"><img decoding=\"async\" class=\"alignnone size-medium wp-image-3622\" src=\"http:\/\/www.alicjawegorzewska.com\/wp-content\/uploads\/2014\/11\/Bojadla-201406-300x225.jpg\" alt=\"Bojadla 201406\" \/><\/a> <a href=\"http:\/\/www.alicjawegorzewska.com\/wp-content\/uploads\/2014\/11\/Bojadla-201407.jpg\"><img decoding=\"async\" class=\"alignnone size-medium wp-image-3623\" src=\"http:\/\/www.alicjawegorzewska.com\/wp-content\/uploads\/2014\/11\/Bojadla-201407-300x225.jpg\" alt=\"Bojadla 201407\" \/><\/a><\/div>\n<\/div>\n<\/div>\n<\/div>\n","protected":false},"excerpt":{"rendered":"<p>Kulturalne spotkania &#8211; Koncert dla mieszka\u0144c\u00f3w gminny Bojad\u0142a &#8211; 22 pa\u017aniernika 2014<\/p>\n","protected":false},"author":1,"featured_media":3620,"comment_status":"closed","ping_status":"closed","sticky":false,"template":"","format":"standard","meta":{"ngg_post_thumbnail":0,"_jetpack_memberships_contains_paid_content":false,"footnotes":""},"categories":[3],"tags":[],"class_list":["post-3610","post","type-post","status-publish","format-standard","has-post-thumbnail","hentry","category-news"],"yoast_head":"<!-- This site is optimized with the Yoast SEO plugin v27.5 - https:\/\/yoast.com\/product\/yoast-seo-wordpress\/ -->\n<title>Kulturalne spotkania - Koncert dla mieszka\u0144c\u00f3w gminny Bojad\u0142a - 22 pa\u017aniernika 2014 - Alicja W\u0119gorzewska<\/title>\n<meta name=\"robots\" content=\"index, follow, max-snippet:-1, max-image-preview:large, max-video-preview:-1\" \/>\n<link rel=\"canonical\" href=\"http:\/\/alicjawegorzewska.com\/index.php\/2014\/10\/22\/kulturalne-spotkania-koncert-mieszkancow-gminny-bojadla-22-pazniernika-2014\/\" \/>\n<meta property=\"og:locale\" content=\"pl_PL\" \/>\n<meta property=\"og:type\" content=\"article\" \/>\n<meta property=\"og:title\" content=\"Kulturalne spotkania - Koncert dla mieszka\u0144c\u00f3w gminny Bojad\u0142a - 22 pa\u017aniernika 2014 - Alicja W\u0119gorzewska\" \/>\n<meta property=\"og:description\" content=\"Kulturalne spotkania - Koncert dla mieszka\u0144c\u00f3w gminny Bojad\u0142a - 22 pa\u017aniernika 2014\" \/>\n<meta property=\"og:url\" content=\"http:\/\/alicjawegorzewska.com\/index.php\/2014\/10\/22\/kulturalne-spotkania-koncert-mieszkancow-gminny-bojadla-22-pazniernika-2014\/\" \/>\n<meta property=\"og:site_name\" content=\"Alicja W\u0119gorzewska\" \/>\n<meta property=\"article:published_time\" content=\"2014-10-22T16:00:20+00:00\" \/>\n<meta name=\"author\" content=\"admin\" \/>\n<meta name=\"twitter:card\" content=\"summary_large_image\" \/>\n<meta name=\"twitter:label1\" content=\"Napisane przez\" \/>\n\t<meta name=\"twitter:data1\" content=\"admin\" \/>\n\t<meta name=\"twitter:label2\" content=\"Szacowany czas czytania\" \/>\n\t<meta name=\"twitter:data2\" content=\"1 minuta\" \/>\n<script type=\"application\/ld+json\" class=\"yoast-schema-graph\">{\"@context\":\"https:\\\/\\\/schema.org\",\"@graph\":[{\"@type\":\"Article\",\"@id\":\"http:\\\/\\\/alicjawegorzewska.com\\\/index.php\\\/2014\\\/10\\\/22\\\/kulturalne-spotkania-koncert-mieszkancow-gminny-bojadla-22-pazniernika-2014\\\/#article\",\"isPartOf\":{\"@id\":\"http:\\\/\\\/alicjawegorzewska.com\\\/index.php\\\/2014\\\/10\\\/22\\\/kulturalne-spotkania-koncert-mieszkancow-gminny-bojadla-22-pazniernika-2014\\\/\"},\"author\":{\"name\":\"admin\",\"@id\":\"http:\\\/\\\/alicjawegorzewska.com\\\/#\\\/schema\\\/person\\\/475664f14f11b6de18a0fe45619bdfea\"},\"headline\":\"Kulturalne spotkania &#8211; Koncert dla mieszka\u0144c\u00f3w gminny Bojad\u0142a &#8211; 22 pa\u017aniernika 2014\",\"datePublished\":\"2014-10-22T16:00:20+00:00\",\"mainEntityOfPage\":{\"@id\":\"http:\\\/\\\/alicjawegorzewska.com\\\/index.php\\\/2014\\\/10\\\/22\\\/kulturalne-spotkania-koncert-mieszkancow-gminny-bojadla-22-pazniernika-2014\\\/\"},\"wordCount\":125,\"publisher\":{\"@id\":\"http:\\\/\\\/alicjawegorzewska.com\\\/#\\\/schema\\\/person\\\/7468c1c1d69a9b6e8db3fe1964cd9dcb\"},\"image\":{\"@id\":\"http:\\\/\\\/alicjawegorzewska.com\\\/index.php\\\/2014\\\/10\\\/22\\\/kulturalne-spotkania-koncert-mieszkancow-gminny-bojadla-22-pazniernika-2014\\\/#primaryimage\"},\"thumbnailUrl\":\"\",\"articleSection\":[\"News\"],\"inLanguage\":\"pl-PL\"},{\"@type\":\"WebPage\",\"@id\":\"http:\\\/\\\/alicjawegorzewska.com\\\/index.php\\\/2014\\\/10\\\/22\\\/kulturalne-spotkania-koncert-mieszkancow-gminny-bojadla-22-pazniernika-2014\\\/\",\"url\":\"http:\\\/\\\/alicjawegorzewska.com\\\/index.php\\\/2014\\\/10\\\/22\\\/kulturalne-spotkania-koncert-mieszkancow-gminny-bojadla-22-pazniernika-2014\\\/\",\"name\":\"Kulturalne spotkania - Koncert dla mieszka\u0144c\u00f3w gminny Bojad\u0142a - 22 pa\u017aniernika 2014 - Alicja W\u0119gorzewska\",\"isPartOf\":{\"@id\":\"http:\\\/\\\/alicjawegorzewska.com\\\/#website\"},\"primaryImageOfPage\":{\"@id\":\"http:\\\/\\\/alicjawegorzewska.com\\\/index.php\\\/2014\\\/10\\\/22\\\/kulturalne-spotkania-koncert-mieszkancow-gminny-bojadla-22-pazniernika-2014\\\/#primaryimage\"},\"image\":{\"@id\":\"http:\\\/\\\/alicjawegorzewska.com\\\/index.php\\\/2014\\\/10\\\/22\\\/kulturalne-spotkania-koncert-mieszkancow-gminny-bojadla-22-pazniernika-2014\\\/#primaryimage\"},\"thumbnailUrl\":\"\",\"datePublished\":\"2014-10-22T16:00:20+00:00\",\"breadcrumb\":{\"@id\":\"http:\\\/\\\/alicjawegorzewska.com\\\/index.php\\\/2014\\\/10\\\/22\\\/kulturalne-spotkania-koncert-mieszkancow-gminny-bojadla-22-pazniernika-2014\\\/#breadcrumb\"},\"inLanguage\":\"pl-PL\",\"potentialAction\":[{\"@type\":\"ReadAction\",\"target\":[\"http:\\\/\\\/alicjawegorzewska.com\\\/index.php\\\/2014\\\/10\\\/22\\\/kulturalne-spotkania-koncert-mieszkancow-gminny-bojadla-22-pazniernika-2014\\\/\"]}]},{\"@type\":\"ImageObject\",\"inLanguage\":\"pl-PL\",\"@id\":\"http:\\\/\\\/alicjawegorzewska.com\\\/index.php\\\/2014\\\/10\\\/22\\\/kulturalne-spotkania-koncert-mieszkancow-gminny-bojadla-22-pazniernika-2014\\\/#primaryimage\",\"url\":\"\",\"contentUrl\":\"\"},{\"@type\":\"BreadcrumbList\",\"@id\":\"http:\\\/\\\/alicjawegorzewska.com\\\/index.php\\\/2014\\\/10\\\/22\\\/kulturalne-spotkania-koncert-mieszkancow-gminny-bojadla-22-pazniernika-2014\\\/#breadcrumb\",\"itemListElement\":[{\"@type\":\"ListItem\",\"position\":1,\"name\":\"Strona g\u0142\u00f3wna\",\"item\":\"http:\\\/\\\/alicjawegorzewska.com\\\/\"},{\"@type\":\"ListItem\",\"position\":2,\"name\":\"Kulturalne spotkania &#8211; Koncert dla mieszka\u0144c\u00f3w gminny Bojad\u0142a &#8211; 22 pa\u017aniernika 2014\"}]},{\"@type\":\"WebSite\",\"@id\":\"http:\\\/\\\/alicjawegorzewska.com\\\/#website\",\"url\":\"http:\\\/\\\/alicjawegorzewska.com\\\/\",\"name\":\"Alicja W\u0119gorzewska\",\"description\":\"Strona oficjalna\",\"publisher\":{\"@id\":\"http:\\\/\\\/alicjawegorzewska.com\\\/#\\\/schema\\\/person\\\/7468c1c1d69a9b6e8db3fe1964cd9dcb\"},\"potentialAction\":[{\"@type\":\"SearchAction\",\"target\":{\"@type\":\"EntryPoint\",\"urlTemplate\":\"http:\\\/\\\/alicjawegorzewska.com\\\/?s={search_term_string}\"},\"query-input\":{\"@type\":\"PropertyValueSpecification\",\"valueRequired\":true,\"valueName\":\"search_term_string\"}}],\"inLanguage\":\"pl-PL\"},{\"@type\":[\"Person\",\"Organization\"],\"@id\":\"http:\\\/\\\/alicjawegorzewska.com\\\/#\\\/schema\\\/person\\\/7468c1c1d69a9b6e8db3fe1964cd9dcb\",\"name\":\"Alicja W\u0119gorzewska-Whiskerd\",\"image\":{\"@type\":\"ImageObject\",\"inLanguage\":\"pl-PL\",\"@id\":\"https:\\\/\\\/alicjawegorzewska.com\\\/wp-content\\\/uploads\\\/2019\\\/10\\\/AW-2.png\",\"url\":\"https:\\\/\\\/alicjawegorzewska.com\\\/wp-content\\\/uploads\\\/2019\\\/10\\\/AW-2.png\",\"contentUrl\":\"https:\\\/\\\/alicjawegorzewska.com\\\/wp-content\\\/uploads\\\/2019\\\/10\\\/AW-2.png\",\"width\":500,\"height\":500,\"caption\":\"Alicja W\u0119gorzewska-Whiskerd\"},\"logo\":{\"@id\":\"https:\\\/\\\/alicjawegorzewska.com\\\/wp-content\\\/uploads\\\/2019\\\/10\\\/AW-2.png\"}},{\"@type\":\"Person\",\"@id\":\"http:\\\/\\\/alicjawegorzewska.com\\\/#\\\/schema\\\/person\\\/475664f14f11b6de18a0fe45619bdfea\",\"name\":\"admin\",\"image\":{\"@type\":\"ImageObject\",\"inLanguage\":\"pl-PL\",\"@id\":\"https:\\\/\\\/secure.gravatar.com\\\/avatar\\\/2d513f5f6b50cc1918d10d11d903f338c7cfa752907112d130ca1ce381bb16ca?s=96&d=mm&r=g\",\"url\":\"https:\\\/\\\/secure.gravatar.com\\\/avatar\\\/2d513f5f6b50cc1918d10d11d903f338c7cfa752907112d130ca1ce381bb16ca?s=96&d=mm&r=g\",\"contentUrl\":\"https:\\\/\\\/secure.gravatar.com\\\/avatar\\\/2d513f5f6b50cc1918d10d11d903f338c7cfa752907112d130ca1ce381bb16ca?s=96&d=mm&r=g\",\"caption\":\"admin\"},\"url\":\"http:\\\/\\\/alicjawegorzewska.com\\\/index.php\\\/author\\\/admin\\\/\"}]}<\/script>\n<!-- \/ Yoast SEO plugin. -->","yoast_head_json":{"title":"Kulturalne spotkania - Koncert dla mieszka\u0144c\u00f3w gminny Bojad\u0142a - 22 pa\u017aniernika 2014 - Alicja W\u0119gorzewska","robots":{"index":"index","follow":"follow","max-snippet":"max-snippet:-1","max-image-preview":"max-image-preview:large","max-video-preview":"max-video-preview:-1"},"canonical":"http:\/\/alicjawegorzewska.com\/index.php\/2014\/10\/22\/kulturalne-spotkania-koncert-mieszkancow-gminny-bojadla-22-pazniernika-2014\/","og_locale":"pl_PL","og_type":"article","og_title":"Kulturalne spotkania - Koncert dla mieszka\u0144c\u00f3w gminny Bojad\u0142a - 22 pa\u017aniernika 2014 - Alicja W\u0119gorzewska","og_description":"Kulturalne spotkania - Koncert dla mieszka\u0144c\u00f3w gminny Bojad\u0142a - 22 pa\u017aniernika 2014","og_url":"http:\/\/alicjawegorzewska.com\/index.php\/2014\/10\/22\/kulturalne-spotkania-koncert-mieszkancow-gminny-bojadla-22-pazniernika-2014\/","og_site_name":"Alicja W\u0119gorzewska","article_published_time":"2014-10-22T16:00:20+00:00","author":"admin","twitter_card":"summary_large_image","twitter_misc":{"Napisane przez":"admin","Szacowany czas czytania":"1 minuta"},"schema":{"@context":"https:\/\/schema.org","@graph":[{"@type":"Article","@id":"http:\/\/alicjawegorzewska.com\/index.php\/2014\/10\/22\/kulturalne-spotkania-koncert-mieszkancow-gminny-bojadla-22-pazniernika-2014\/#article","isPartOf":{"@id":"http:\/\/alicjawegorzewska.com\/index.php\/2014\/10\/22\/kulturalne-spotkania-koncert-mieszkancow-gminny-bojadla-22-pazniernika-2014\/"},"author":{"name":"admin","@id":"http:\/\/alicjawegorzewska.com\/#\/schema\/person\/475664f14f11b6de18a0fe45619bdfea"},"headline":"Kulturalne spotkania &#8211; Koncert dla mieszka\u0144c\u00f3w gminny Bojad\u0142a &#8211; 22 pa\u017aniernika 2014","datePublished":"2014-10-22T16:00:20+00:00","mainEntityOfPage":{"@id":"http:\/\/alicjawegorzewska.com\/index.php\/2014\/10\/22\/kulturalne-spotkania-koncert-mieszkancow-gminny-bojadla-22-pazniernika-2014\/"},"wordCount":125,"publisher":{"@id":"http:\/\/alicjawegorzewska.com\/#\/schema\/person\/7468c1c1d69a9b6e8db3fe1964cd9dcb"},"image":{"@id":"http:\/\/alicjawegorzewska.com\/index.php\/2014\/10\/22\/kulturalne-spotkania-koncert-mieszkancow-gminny-bojadla-22-pazniernika-2014\/#primaryimage"},"thumbnailUrl":"","articleSection":["News"],"inLanguage":"pl-PL"},{"@type":"WebPage","@id":"http:\/\/alicjawegorzewska.com\/index.php\/2014\/10\/22\/kulturalne-spotkania-koncert-mieszkancow-gminny-bojadla-22-pazniernika-2014\/","url":"http:\/\/alicjawegorzewska.com\/index.php\/2014\/10\/22\/kulturalne-spotkania-koncert-mieszkancow-gminny-bojadla-22-pazniernika-2014\/","name":"Kulturalne spotkania - Koncert dla mieszka\u0144c\u00f3w gminny Bojad\u0142a - 22 pa\u017aniernika 2014 - Alicja W\u0119gorzewska","isPartOf":{"@id":"http:\/\/alicjawegorzewska.com\/#website"},"primaryImageOfPage":{"@id":"http:\/\/alicjawegorzewska.com\/index.php\/2014\/10\/22\/kulturalne-spotkania-koncert-mieszkancow-gminny-bojadla-22-pazniernika-2014\/#primaryimage"},"image":{"@id":"http:\/\/alicjawegorzewska.com\/index.php\/2014\/10\/22\/kulturalne-spotkania-koncert-mieszkancow-gminny-bojadla-22-pazniernika-2014\/#primaryimage"},"thumbnailUrl":"","datePublished":"2014-10-22T16:00:20+00:00","breadcrumb":{"@id":"http:\/\/alicjawegorzewska.com\/index.php\/2014\/10\/22\/kulturalne-spotkania-koncert-mieszkancow-gminny-bojadla-22-pazniernika-2014\/#breadcrumb"},"inLanguage":"pl-PL","potentialAction":[{"@type":"ReadAction","target":["http:\/\/alicjawegorzewska.com\/index.php\/2014\/10\/22\/kulturalne-spotkania-koncert-mieszkancow-gminny-bojadla-22-pazniernika-2014\/"]}]},{"@type":"ImageObject","inLanguage":"pl-PL","@id":"http:\/\/alicjawegorzewska.com\/index.php\/2014\/10\/22\/kulturalne-spotkania-koncert-mieszkancow-gminny-bojadla-22-pazniernika-2014\/#primaryimage","url":"","contentUrl":""},{"@type":"BreadcrumbList","@id":"http:\/\/alicjawegorzewska.com\/index.php\/2014\/10\/22\/kulturalne-spotkania-koncert-mieszkancow-gminny-bojadla-22-pazniernika-2014\/#breadcrumb","itemListElement":[{"@type":"ListItem","position":1,"name":"Strona g\u0142\u00f3wna","item":"http:\/\/alicjawegorzewska.com\/"},{"@type":"ListItem","position":2,"name":"Kulturalne spotkania &#8211; Koncert dla mieszka\u0144c\u00f3w gminny Bojad\u0142a &#8211; 22 pa\u017aniernika 2014"}]},{"@type":"WebSite","@id":"http:\/\/alicjawegorzewska.com\/#website","url":"http:\/\/alicjawegorzewska.com\/","name":"Alicja W\u0119gorzewska","description":"Strona oficjalna","publisher":{"@id":"http:\/\/alicjawegorzewska.com\/#\/schema\/person\/7468c1c1d69a9b6e8db3fe1964cd9dcb"},"potentialAction":[{"@type":"SearchAction","target":{"@type":"EntryPoint","urlTemplate":"http:\/\/alicjawegorzewska.com\/?s={search_term_string}"},"query-input":{"@type":"PropertyValueSpecification","valueRequired":true,"valueName":"search_term_string"}}],"inLanguage":"pl-PL"},{"@type":["Person","Organization"],"@id":"http:\/\/alicjawegorzewska.com\/#\/schema\/person\/7468c1c1d69a9b6e8db3fe1964cd9dcb","name":"Alicja W\u0119gorzewska-Whiskerd","image":{"@type":"ImageObject","inLanguage":"pl-PL","@id":"https:\/\/alicjawegorzewska.com\/wp-content\/uploads\/2019\/10\/AW-2.png","url":"https:\/\/alicjawegorzewska.com\/wp-content\/uploads\/2019\/10\/AW-2.png","contentUrl":"https:\/\/alicjawegorzewska.com\/wp-content\/uploads\/2019\/10\/AW-2.png","width":500,"height":500,"caption":"Alicja W\u0119gorzewska-Whiskerd"},"logo":{"@id":"https:\/\/alicjawegorzewska.com\/wp-content\/uploads\/2019\/10\/AW-2.png"}},{"@type":"Person","@id":"http:\/\/alicjawegorzewska.com\/#\/schema\/person\/475664f14f11b6de18a0fe45619bdfea","name":"admin","image":{"@type":"ImageObject","inLanguage":"pl-PL","@id":"https:\/\/secure.gravatar.com\/avatar\/2d513f5f6b50cc1918d10d11d903f338c7cfa752907112d130ca1ce381bb16ca?s=96&d=mm&r=g","url":"https:\/\/secure.gravatar.com\/avatar\/2d513f5f6b50cc1918d10d11d903f338c7cfa752907112d130ca1ce381bb16ca?s=96&d=mm&r=g","contentUrl":"https:\/\/secure.gravatar.com\/avatar\/2d513f5f6b50cc1918d10d11d903f338c7cfa752907112d130ca1ce381bb16ca?s=96&d=mm&r=g","caption":"admin"},"url":"http:\/\/alicjawegorzewska.com\/index.php\/author\/admin\/"}]}},"jetpack_featured_media_url":"","jetpack_sharing_enabled":true,"_links":{"self":[{"href":"http:\/\/alicjawegorzewska.com\/index.php\/wp-json\/wp\/v2\/posts\/3610","targetHints":{"allow":["GET"]}}],"collection":[{"href":"http:\/\/alicjawegorzewska.com\/index.php\/wp-json\/wp\/v2\/posts"}],"about":[{"href":"http:\/\/alicjawegorzewska.com\/index.php\/wp-json\/wp\/v2\/types\/post"}],"author":[{"embeddable":true,"href":"http:\/\/alicjawegorzewska.com\/index.php\/wp-json\/wp\/v2\/users\/1"}],"replies":[{"embeddable":true,"href":"http:\/\/alicjawegorzewska.com\/index.php\/wp-json\/wp\/v2\/comments?post=3610"}],"version-history":[{"count":0,"href":"http:\/\/alicjawegorzewska.com\/index.php\/wp-json\/wp\/v2\/posts\/3610\/revisions"}],"wp:featuredmedia":[{"embeddable":true,"href":"http:\/\/alicjawegorzewska.com\/index.php\/wp-json\/"}],"wp:attachment":[{"href":"http:\/\/alicjawegorzewska.com\/index.php\/wp-json\/wp\/v2\/media?parent=3610"}],"wp:term":[{"taxonomy":"category","embeddable":true,"href":"http:\/\/alicjawegorzewska.com\/index.php\/wp-json\/wp\/v2\/categories?post=3610"},{"taxonomy":"post_tag","embeddable":true,"href":"http:\/\/alicjawegorzewska.com\/index.php\/wp-json\/wp\/v2\/tags?post=3610"}],"curies":[{"name":"wp","href":"https:\/\/api.w.org\/{rel}","templated":true}]}}