{"id":3574,"date":"2014-10-19T12:03:01","date_gmt":"2014-10-19T10:03:01","guid":{"rendered":"http:\/\/www.alicjawegorzewska.com\/?p=3574"},"modified":"2014-10-19T12:03:01","modified_gmt":"2014-10-19T10:03:01","slug":"koncert-hospitacyjny-lubartow-19-pazdziernika-2014","status":"publish","type":"post","link":"http:\/\/alicjawegorzewska.com\/index.php\/2014\/10\/19\/koncert-hospitacyjny-lubartow-19-pazdziernika-2014\/","title":{"rendered":"Koncert hospitacyjny &#8211; Lubart\u00f3w &#8211; 19 Pa\u017adziernika 2014"},"content":{"rendered":"<p>\u017br\u00f3d\u0142o:\u00a0http:\/\/hospicjum.lubartow.pl\/?p=2272<br \/>\n<a href=\"http:\/\/www.alicjawegorzewska.com\/wp-content\/uploads\/2014\/11\/koncert-2014-16.jpg\"><img decoding=\"async\" class=\"alignleft size-medium wp-image-3575\" src=\"http:\/\/www.alicjawegorzewska.com\/wp-content\/uploads\/2014\/11\/koncert-2014-16-200x300.jpg\" alt=\"koncert-2014-16\" \/><\/a>W niedzielne popo\u0142udnie 19 pa\u017adziernika 2014 r., w Bazylice \u015bw. Anny, odby\u0142 si\u0119 kolejny koncert hospicyjny, zorganizowany przez Parafi\u0119 pw. \u015bw. Anny oraz Lubartowskie Stowarzyszenie Hospicjum \u015bw. Anny, m. in. z okazji kampanii spo\u0142ecznej \u201eHospicjum to te\u017c \u017bycie\u201d, organizowanej przez Fundacj\u0119 Hospicyjn\u0105, pod has\u0142em \u201ePom\u00f3\u017c ukoi\u0107 b\u00f3l\u201d. Lubartowskie hospicjum sprawuje bezp\u0142atn\u0105 opiek\u0119 medyczn\u0105 nie tylko nad osobami terminalnie chorymi u schy\u0142ku \u017cycia, ale r\u00f3wnie\u017c wspiera ich rodziny w okresie \u017ca\u0142oby po stracie bliskiej osoby, kt\u00f3ry jest szczeg\u00f3lnie trudny dla dzieci i m\u0142odzie\u017cy. Cz\u0119sto prze\u017cywaj\u0105 one traum\u0119 spowodowan\u0105 utrat\u0105 matki lub ojca, kt\u00f3rej towarzyszy m. in. obni\u017cenie statusu materialnego. Od 2009 r. w ramach Funduszu Dzieci Osieroconych hospicjum pomaga rodzinom, np. w zakupie wyprawek szkolnych i paczek \u015bwi\u0105tecznych, organizujemy wycieczki edukacyjne i pielgrzymki, fundujemy stypendia naukowe. Na realizacj\u0119 tej pomocy pozyskujemy sponsor\u00f3w. W ramach wsparcia w \u017ca\u0142obie rodziny osierocone korzystaj\u0105 na co dzie\u0144 z hospicyjnych psycholog\u00f3w oraz pracownika socjalnego. Z ka\u017cdym rokiem rodzin i dzieci przybywa, dlatego te\u017c lubartowskie hospicjum chce pom\u00f3c jak najwi\u0119kszej ilo\u015bci os\u00f3b.<\/p>\n<p>&nbsp;<\/p>\n<p><iframe title=\"Koncert hospicyjny 2014 - Alicja W\u0119gorzewska\" width=\"1778\" height=\"1000\" src=\"https:\/\/www.youtube.com\/embed\/7gkWLpiDx80?feature=oembed\" frameborder=\"0\" allow=\"accelerometer; autoplay; encrypted-media; gyroscope; picture-in-picture\" allowfullscreen><\/iframe><\/p>\n<p><strong>Podczas koncertu pt. <em>\u201d\u015awi\u0119temu Janowi Paw\u0142owi II\u201d<\/em> w roku Jego Kanonizacji licznie zgromadzona publiczno\u015b\u0107 us\u0142ysza\u0142a znane utwory operowe oraz religijne w wykonaniu najs\u0142ynniejszego polskiego mezzosopranu \u2013 czyli Alicji W\u0119gorzewskiej przy akompaniamencie organowym Roberta Grudnia \u2013 solisty Filharmonii Lubelskiej. Poezj\u0119 Karola Wojty\u0142y oraz fragmenty przem\u00f3wie\u0144 Papie\u017ca Polaka, kt\u00f3ry mawia\u0142, \u017ce \u201eWa\u017cny jest rodzaj pomocy, kt\u00f3r\u0105 si\u0119 oferuje, ale jeszcze wa\u017cniejsze od tego jest serce, z jakim tej pomocy si\u0119 udziela\u201d \u2013 recytowa\u0142 ks. Leszek Surma \u2013 proboszcz parafii pw. Chrystusa Odkupiciela w \u015awidniku, pracownik lubelskiego Oddzia\u0142u TVP.<\/strong> Koncert poprowadzili: Ma\u0142gorzata Gryglicka \u2013 Szczepaniak, Dyrektor Lubartowskiego O\u015brodka Kultury oraz Micha\u0142 Filipowicz \u2013 koordynator wolontariatu hospicyjnego.<\/p>\n<p>Hospicyjne wydarzenie muzyczne poprzedzi\u0142a V pielgrzymka s\u0142u\u017cby zdrowia do Bazyliki \u015bw. Anny.<\/p>\n<p>Po koncercie, dzi\u0119ki Parafii \u015bw. Anny, publiczno\u015b\u0107 mog\u0142a wesprze\u0107 Fundusz Dzieci Osieroconych. Dzi\u0119ki licznym darczy\u0144com, kt\u00f3rym dzi\u0119kujemy za \u017cyczliwo\u015b\u0107 uzyskano kwot\u0119 \u2013 2051,92 z\u0142. Pieni\u0105dze zostan\u0105 przeznaczone na zakup paczek \u015bwi\u0105tecznych dla rodzin osieroconych, kt\u00f3rych bliska osoba by\u0142a pacjentem lubartowskiego hospicjum.<\/p>\n<p>&nbsp;<\/p>\n<p>&nbsp;<\/p>\n","protected":false},"excerpt":{"rendered":"<p>Koncert hospitacyjny &#8211; Lubart\u00f3w &#8211; 19 Pa\u017adziernika 2014<\/p>\n","protected":false},"author":1,"featured_media":3575,"comment_status":"closed","ping_status":"closed","sticky":false,"template":"","format":"standard","meta":{"ngg_post_thumbnail":0,"_jetpack_memberships_contains_paid_content":false,"footnotes":""},"categories":[3],"tags":[],"class_list":["post-3574","post","type-post","status-publish","format-standard","has-post-thumbnail","hentry","category-news"],"yoast_head":"<!-- This site is optimized with the Yoast SEO plugin v27.5 - https:\/\/yoast.com\/product\/yoast-seo-wordpress\/ -->\n<title>Koncert hospitacyjny - Lubart\u00f3w - 19 Pa\u017adziernika 2014 - Alicja W\u0119gorzewska<\/title>\n<meta name=\"robots\" content=\"index, follow, max-snippet:-1, max-image-preview:large, max-video-preview:-1\" \/>\n<link rel=\"canonical\" href=\"http:\/\/alicjawegorzewska.com\/index.php\/2014\/10\/19\/koncert-hospitacyjny-lubartow-19-pazdziernika-2014\/\" \/>\n<meta property=\"og:locale\" content=\"pl_PL\" \/>\n<meta property=\"og:type\" content=\"article\" \/>\n<meta property=\"og:title\" content=\"Koncert hospitacyjny - Lubart\u00f3w - 19 Pa\u017adziernika 2014 - Alicja W\u0119gorzewska\" \/>\n<meta property=\"og:description\" content=\"Koncert hospitacyjny - Lubart\u00f3w - 19 Pa\u017adziernika 2014\" \/>\n<meta property=\"og:url\" content=\"http:\/\/alicjawegorzewska.com\/index.php\/2014\/10\/19\/koncert-hospitacyjny-lubartow-19-pazdziernika-2014\/\" \/>\n<meta property=\"og:site_name\" content=\"Alicja W\u0119gorzewska\" \/>\n<meta property=\"article:published_time\" content=\"2014-10-19T10:03:01+00:00\" \/>\n<meta name=\"author\" content=\"admin\" \/>\n<meta name=\"twitter:card\" content=\"summary_large_image\" \/>\n<meta name=\"twitter:label1\" content=\"Napisane przez\" \/>\n\t<meta name=\"twitter:data1\" content=\"admin\" \/>\n\t<meta name=\"twitter:label2\" content=\"Szacowany czas czytania\" \/>\n\t<meta name=\"twitter:data2\" content=\"2 minuty\" \/>\n<script type=\"application\/ld+json\" class=\"yoast-schema-graph\">{\"@context\":\"https:\\\/\\\/schema.org\",\"@graph\":[{\"@type\":\"Article\",\"@id\":\"http:\\\/\\\/alicjawegorzewska.com\\\/index.php\\\/2014\\\/10\\\/19\\\/koncert-hospitacyjny-lubartow-19-pazdziernika-2014\\\/#article\",\"isPartOf\":{\"@id\":\"http:\\\/\\\/alicjawegorzewska.com\\\/index.php\\\/2014\\\/10\\\/19\\\/koncert-hospitacyjny-lubartow-19-pazdziernika-2014\\\/\"},\"author\":{\"name\":\"admin\",\"@id\":\"http:\\\/\\\/alicjawegorzewska.com\\\/#\\\/schema\\\/person\\\/475664f14f11b6de18a0fe45619bdfea\"},\"headline\":\"Koncert hospitacyjny &#8211; Lubart\u00f3w &#8211; 19 Pa\u017adziernika 2014\",\"datePublished\":\"2014-10-19T10:03:01+00:00\",\"mainEntityOfPage\":{\"@id\":\"http:\\\/\\\/alicjawegorzewska.com\\\/index.php\\\/2014\\\/10\\\/19\\\/koncert-hospitacyjny-lubartow-19-pazdziernika-2014\\\/\"},\"wordCount\":391,\"publisher\":{\"@id\":\"http:\\\/\\\/alicjawegorzewska.com\\\/#\\\/schema\\\/person\\\/7468c1c1d69a9b6e8db3fe1964cd9dcb\"},\"image\":{\"@id\":\"http:\\\/\\\/alicjawegorzewska.com\\\/index.php\\\/2014\\\/10\\\/19\\\/koncert-hospitacyjny-lubartow-19-pazdziernika-2014\\\/#primaryimage\"},\"thumbnailUrl\":\"\",\"articleSection\":[\"News\"],\"inLanguage\":\"pl-PL\"},{\"@type\":\"WebPage\",\"@id\":\"http:\\\/\\\/alicjawegorzewska.com\\\/index.php\\\/2014\\\/10\\\/19\\\/koncert-hospitacyjny-lubartow-19-pazdziernika-2014\\\/\",\"url\":\"http:\\\/\\\/alicjawegorzewska.com\\\/index.php\\\/2014\\\/10\\\/19\\\/koncert-hospitacyjny-lubartow-19-pazdziernika-2014\\\/\",\"name\":\"Koncert hospitacyjny - Lubart\u00f3w - 19 Pa\u017adziernika 2014 - Alicja W\u0119gorzewska\",\"isPartOf\":{\"@id\":\"http:\\\/\\\/alicjawegorzewska.com\\\/#website\"},\"primaryImageOfPage\":{\"@id\":\"http:\\\/\\\/alicjawegorzewska.com\\\/index.php\\\/2014\\\/10\\\/19\\\/koncert-hospitacyjny-lubartow-19-pazdziernika-2014\\\/#primaryimage\"},\"image\":{\"@id\":\"http:\\\/\\\/alicjawegorzewska.com\\\/index.php\\\/2014\\\/10\\\/19\\\/koncert-hospitacyjny-lubartow-19-pazdziernika-2014\\\/#primaryimage\"},\"thumbnailUrl\":\"\",\"datePublished\":\"2014-10-19T10:03:01+00:00\",\"breadcrumb\":{\"@id\":\"http:\\\/\\\/alicjawegorzewska.com\\\/index.php\\\/2014\\\/10\\\/19\\\/koncert-hospitacyjny-lubartow-19-pazdziernika-2014\\\/#breadcrumb\"},\"inLanguage\":\"pl-PL\",\"potentialAction\":[{\"@type\":\"ReadAction\",\"target\":[\"http:\\\/\\\/alicjawegorzewska.com\\\/index.php\\\/2014\\\/10\\\/19\\\/koncert-hospitacyjny-lubartow-19-pazdziernika-2014\\\/\"]}]},{\"@type\":\"ImageObject\",\"inLanguage\":\"pl-PL\",\"@id\":\"http:\\\/\\\/alicjawegorzewska.com\\\/index.php\\\/2014\\\/10\\\/19\\\/koncert-hospitacyjny-lubartow-19-pazdziernika-2014\\\/#primaryimage\",\"url\":\"\",\"contentUrl\":\"\"},{\"@type\":\"BreadcrumbList\",\"@id\":\"http:\\\/\\\/alicjawegorzewska.com\\\/index.php\\\/2014\\\/10\\\/19\\\/koncert-hospitacyjny-lubartow-19-pazdziernika-2014\\\/#breadcrumb\",\"itemListElement\":[{\"@type\":\"ListItem\",\"position\":1,\"name\":\"Strona g\u0142\u00f3wna\",\"item\":\"http:\\\/\\\/alicjawegorzewska.com\\\/\"},{\"@type\":\"ListItem\",\"position\":2,\"name\":\"Koncert hospitacyjny &#8211; Lubart\u00f3w &#8211; 19 Pa\u017adziernika 2014\"}]},{\"@type\":\"WebSite\",\"@id\":\"http:\\\/\\\/alicjawegorzewska.com\\\/#website\",\"url\":\"http:\\\/\\\/alicjawegorzewska.com\\\/\",\"name\":\"Alicja W\u0119gorzewska\",\"description\":\"Strona oficjalna\",\"publisher\":{\"@id\":\"http:\\\/\\\/alicjawegorzewska.com\\\/#\\\/schema\\\/person\\\/7468c1c1d69a9b6e8db3fe1964cd9dcb\"},\"potentialAction\":[{\"@type\":\"SearchAction\",\"target\":{\"@type\":\"EntryPoint\",\"urlTemplate\":\"http:\\\/\\\/alicjawegorzewska.com\\\/?s={search_term_string}\"},\"query-input\":{\"@type\":\"PropertyValueSpecification\",\"valueRequired\":true,\"valueName\":\"search_term_string\"}}],\"inLanguage\":\"pl-PL\"},{\"@type\":[\"Person\",\"Organization\"],\"@id\":\"http:\\\/\\\/alicjawegorzewska.com\\\/#\\\/schema\\\/person\\\/7468c1c1d69a9b6e8db3fe1964cd9dcb\",\"name\":\"Alicja W\u0119gorzewska-Whiskerd\",\"image\":{\"@type\":\"ImageObject\",\"inLanguage\":\"pl-PL\",\"@id\":\"https:\\\/\\\/alicjawegorzewska.com\\\/wp-content\\\/uploads\\\/2019\\\/10\\\/AW-2.png\",\"url\":\"https:\\\/\\\/alicjawegorzewska.com\\\/wp-content\\\/uploads\\\/2019\\\/10\\\/AW-2.png\",\"contentUrl\":\"https:\\\/\\\/alicjawegorzewska.com\\\/wp-content\\\/uploads\\\/2019\\\/10\\\/AW-2.png\",\"width\":500,\"height\":500,\"caption\":\"Alicja W\u0119gorzewska-Whiskerd\"},\"logo\":{\"@id\":\"https:\\\/\\\/alicjawegorzewska.com\\\/wp-content\\\/uploads\\\/2019\\\/10\\\/AW-2.png\"}},{\"@type\":\"Person\",\"@id\":\"http:\\\/\\\/alicjawegorzewska.com\\\/#\\\/schema\\\/person\\\/475664f14f11b6de18a0fe45619bdfea\",\"name\":\"admin\",\"image\":{\"@type\":\"ImageObject\",\"inLanguage\":\"pl-PL\",\"@id\":\"https:\\\/\\\/secure.gravatar.com\\\/avatar\\\/2d513f5f6b50cc1918d10d11d903f338c7cfa752907112d130ca1ce381bb16ca?s=96&d=mm&r=g\",\"url\":\"https:\\\/\\\/secure.gravatar.com\\\/avatar\\\/2d513f5f6b50cc1918d10d11d903f338c7cfa752907112d130ca1ce381bb16ca?s=96&d=mm&r=g\",\"contentUrl\":\"https:\\\/\\\/secure.gravatar.com\\\/avatar\\\/2d513f5f6b50cc1918d10d11d903f338c7cfa752907112d130ca1ce381bb16ca?s=96&d=mm&r=g\",\"caption\":\"admin\"},\"url\":\"http:\\\/\\\/alicjawegorzewska.com\\\/index.php\\\/author\\\/admin\\\/\"}]}<\/script>\n<!-- \/ Yoast SEO plugin. -->","yoast_head_json":{"title":"Koncert hospitacyjny - Lubart\u00f3w - 19 Pa\u017adziernika 2014 - Alicja W\u0119gorzewska","robots":{"index":"index","follow":"follow","max-snippet":"max-snippet:-1","max-image-preview":"max-image-preview:large","max-video-preview":"max-video-preview:-1"},"canonical":"http:\/\/alicjawegorzewska.com\/index.php\/2014\/10\/19\/koncert-hospitacyjny-lubartow-19-pazdziernika-2014\/","og_locale":"pl_PL","og_type":"article","og_title":"Koncert hospitacyjny - Lubart\u00f3w - 19 Pa\u017adziernika 2014 - Alicja W\u0119gorzewska","og_description":"Koncert hospitacyjny - Lubart\u00f3w - 19 Pa\u017adziernika 2014","og_url":"http:\/\/alicjawegorzewska.com\/index.php\/2014\/10\/19\/koncert-hospitacyjny-lubartow-19-pazdziernika-2014\/","og_site_name":"Alicja W\u0119gorzewska","article_published_time":"2014-10-19T10:03:01+00:00","author":"admin","twitter_card":"summary_large_image","twitter_misc":{"Napisane przez":"admin","Szacowany czas czytania":"2 minuty"},"schema":{"@context":"https:\/\/schema.org","@graph":[{"@type":"Article","@id":"http:\/\/alicjawegorzewska.com\/index.php\/2014\/10\/19\/koncert-hospitacyjny-lubartow-19-pazdziernika-2014\/#article","isPartOf":{"@id":"http:\/\/alicjawegorzewska.com\/index.php\/2014\/10\/19\/koncert-hospitacyjny-lubartow-19-pazdziernika-2014\/"},"author":{"name":"admin","@id":"http:\/\/alicjawegorzewska.com\/#\/schema\/person\/475664f14f11b6de18a0fe45619bdfea"},"headline":"Koncert hospitacyjny &#8211; Lubart\u00f3w &#8211; 19 Pa\u017adziernika 2014","datePublished":"2014-10-19T10:03:01+00:00","mainEntityOfPage":{"@id":"http:\/\/alicjawegorzewska.com\/index.php\/2014\/10\/19\/koncert-hospitacyjny-lubartow-19-pazdziernika-2014\/"},"wordCount":391,"publisher":{"@id":"http:\/\/alicjawegorzewska.com\/#\/schema\/person\/7468c1c1d69a9b6e8db3fe1964cd9dcb"},"image":{"@id":"http:\/\/alicjawegorzewska.com\/index.php\/2014\/10\/19\/koncert-hospitacyjny-lubartow-19-pazdziernika-2014\/#primaryimage"},"thumbnailUrl":"","articleSection":["News"],"inLanguage":"pl-PL"},{"@type":"WebPage","@id":"http:\/\/alicjawegorzewska.com\/index.php\/2014\/10\/19\/koncert-hospitacyjny-lubartow-19-pazdziernika-2014\/","url":"http:\/\/alicjawegorzewska.com\/index.php\/2014\/10\/19\/koncert-hospitacyjny-lubartow-19-pazdziernika-2014\/","name":"Koncert hospitacyjny - Lubart\u00f3w - 19 Pa\u017adziernika 2014 - Alicja W\u0119gorzewska","isPartOf":{"@id":"http:\/\/alicjawegorzewska.com\/#website"},"primaryImageOfPage":{"@id":"http:\/\/alicjawegorzewska.com\/index.php\/2014\/10\/19\/koncert-hospitacyjny-lubartow-19-pazdziernika-2014\/#primaryimage"},"image":{"@id":"http:\/\/alicjawegorzewska.com\/index.php\/2014\/10\/19\/koncert-hospitacyjny-lubartow-19-pazdziernika-2014\/#primaryimage"},"thumbnailUrl":"","datePublished":"2014-10-19T10:03:01+00:00","breadcrumb":{"@id":"http:\/\/alicjawegorzewska.com\/index.php\/2014\/10\/19\/koncert-hospitacyjny-lubartow-19-pazdziernika-2014\/#breadcrumb"},"inLanguage":"pl-PL","potentialAction":[{"@type":"ReadAction","target":["http:\/\/alicjawegorzewska.com\/index.php\/2014\/10\/19\/koncert-hospitacyjny-lubartow-19-pazdziernika-2014\/"]}]},{"@type":"ImageObject","inLanguage":"pl-PL","@id":"http:\/\/alicjawegorzewska.com\/index.php\/2014\/10\/19\/koncert-hospitacyjny-lubartow-19-pazdziernika-2014\/#primaryimage","url":"","contentUrl":""},{"@type":"BreadcrumbList","@id":"http:\/\/alicjawegorzewska.com\/index.php\/2014\/10\/19\/koncert-hospitacyjny-lubartow-19-pazdziernika-2014\/#breadcrumb","itemListElement":[{"@type":"ListItem","position":1,"name":"Strona g\u0142\u00f3wna","item":"http:\/\/alicjawegorzewska.com\/"},{"@type":"ListItem","position":2,"name":"Koncert hospitacyjny &#8211; Lubart\u00f3w &#8211; 19 Pa\u017adziernika 2014"}]},{"@type":"WebSite","@id":"http:\/\/alicjawegorzewska.com\/#website","url":"http:\/\/alicjawegorzewska.com\/","name":"Alicja W\u0119gorzewska","description":"Strona oficjalna","publisher":{"@id":"http:\/\/alicjawegorzewska.com\/#\/schema\/person\/7468c1c1d69a9b6e8db3fe1964cd9dcb"},"potentialAction":[{"@type":"SearchAction","target":{"@type":"EntryPoint","urlTemplate":"http:\/\/alicjawegorzewska.com\/?s={search_term_string}"},"query-input":{"@type":"PropertyValueSpecification","valueRequired":true,"valueName":"search_term_string"}}],"inLanguage":"pl-PL"},{"@type":["Person","Organization"],"@id":"http:\/\/alicjawegorzewska.com\/#\/schema\/person\/7468c1c1d69a9b6e8db3fe1964cd9dcb","name":"Alicja W\u0119gorzewska-Whiskerd","image":{"@type":"ImageObject","inLanguage":"pl-PL","@id":"https:\/\/alicjawegorzewska.com\/wp-content\/uploads\/2019\/10\/AW-2.png","url":"https:\/\/alicjawegorzewska.com\/wp-content\/uploads\/2019\/10\/AW-2.png","contentUrl":"https:\/\/alicjawegorzewska.com\/wp-content\/uploads\/2019\/10\/AW-2.png","width":500,"height":500,"caption":"Alicja W\u0119gorzewska-Whiskerd"},"logo":{"@id":"https:\/\/alicjawegorzewska.com\/wp-content\/uploads\/2019\/10\/AW-2.png"}},{"@type":"Person","@id":"http:\/\/alicjawegorzewska.com\/#\/schema\/person\/475664f14f11b6de18a0fe45619bdfea","name":"admin","image":{"@type":"ImageObject","inLanguage":"pl-PL","@id":"https:\/\/secure.gravatar.com\/avatar\/2d513f5f6b50cc1918d10d11d903f338c7cfa752907112d130ca1ce381bb16ca?s=96&d=mm&r=g","url":"https:\/\/secure.gravatar.com\/avatar\/2d513f5f6b50cc1918d10d11d903f338c7cfa752907112d130ca1ce381bb16ca?s=96&d=mm&r=g","contentUrl":"https:\/\/secure.gravatar.com\/avatar\/2d513f5f6b50cc1918d10d11d903f338c7cfa752907112d130ca1ce381bb16ca?s=96&d=mm&r=g","caption":"admin"},"url":"http:\/\/alicjawegorzewska.com\/index.php\/author\/admin\/"}]}},"jetpack_featured_media_url":"","jetpack_sharing_enabled":true,"_links":{"self":[{"href":"http:\/\/alicjawegorzewska.com\/index.php\/wp-json\/wp\/v2\/posts\/3574","targetHints":{"allow":["GET"]}}],"collection":[{"href":"http:\/\/alicjawegorzewska.com\/index.php\/wp-json\/wp\/v2\/posts"}],"about":[{"href":"http:\/\/alicjawegorzewska.com\/index.php\/wp-json\/wp\/v2\/types\/post"}],"author":[{"embeddable":true,"href":"http:\/\/alicjawegorzewska.com\/index.php\/wp-json\/wp\/v2\/users\/1"}],"replies":[{"embeddable":true,"href":"http:\/\/alicjawegorzewska.com\/index.php\/wp-json\/wp\/v2\/comments?post=3574"}],"version-history":[{"count":0,"href":"http:\/\/alicjawegorzewska.com\/index.php\/wp-json\/wp\/v2\/posts\/3574\/revisions"}],"wp:featuredmedia":[{"embeddable":true,"href":"http:\/\/alicjawegorzewska.com\/index.php\/wp-json\/"}],"wp:attachment":[{"href":"http:\/\/alicjawegorzewska.com\/index.php\/wp-json\/wp\/v2\/media?parent=3574"}],"wp:term":[{"taxonomy":"category","embeddable":true,"href":"http:\/\/alicjawegorzewska.com\/index.php\/wp-json\/wp\/v2\/categories?post=3574"},{"taxonomy":"post_tag","embeddable":true,"href":"http:\/\/alicjawegorzewska.com\/index.php\/wp-json\/wp\/v2\/tags?post=3574"}],"curies":[{"name":"wp","href":"https:\/\/api.w.org\/{rel}","templated":true}]}}