{"id":2650,"date":"2013-09-22T20:05:18","date_gmt":"2013-09-22T18:05:18","guid":{"rendered":"http:\/\/www.alicjawegorzewska.com\/?p=2650"},"modified":"2013-09-22T20:05:18","modified_gmt":"2013-09-22T18:05:18","slug":"xvi-dni-europy-w-22-wrzesnia-2013","status":"publish","type":"post","link":"http:\/\/alicjawegorzewska.com\/index.php\/2013\/09\/22\/xvi-dni-europy-w-22-wrzesnia-2013\/","title":{"rendered":"XVI Dni Europy w Ole\u015bnicy &#8211; 22 wrze\u015bnia 2013"},"content":{"rendered":"<p><strong>Recital Alicji W\u0119gorzewskiej i Roberta Grudnia zako\u0144czy\u0142 XVI Dni Europy w Ole\u015bnicy.<\/strong><\/p>\n<p>Wieczorem, w bazylice mniejszej, odby\u0142 si\u0119 recital Alicji W\u0119gorzewskiej (mezzosopran) i Roberta Grudnia (organy). Arty\u015bci wykonali m.in. s\u0142ynne &#8222;Ave Maria&#8221;, kt\u00f3re zabrzmia\u0142o przejmuj\u0105co i niezwykle w ich wykonaniu. W\u0119gorzewska i Grudzie\u0144 otrzymali owacje na stoj\u0105co i w podzi\u0119kowaniu, na zako\u0144czenie, wykonali tak\u017ce Habaner\u0119 z opery &#8222;Carmen&#8221;, kt\u00f3ra by\u0142a niespodziank\u0105 dla ole\u015bnickiej publiczno\u015bci.<\/p>\n<p><em>&#8211; Jestem szczerze zaskoczona tak mi\u0142ym przyj\u0119ciem i niezwykle przej\u0119ta. Zapami\u0119tam ten koncert na zawsze<\/em>\u00a0&#8211; powiedzia\u0142a Alicja W\u0119gorzewska.<\/p>\n<p>Koncert zako\u0144czy\u0142 XVI Dni Europy w Ole\u015bnicy. Kolejne europejskie \u015bwi\u0119to w naszym mie\u015bcie za rok.<\/p>\n<p><a class=\"jackbox\" href=\"http:\/\/www.alicjawegorzewska.com\/wp-content\/uploads\/2013\/09\/olesnica.jpg\" data-jbgroup=\"News\"><img decoding=\"async\" class=\"alignnone size-full wp-image-2652\" alt=\"olesnica\" src=\"http:\/\/www.alicjawegorzewska.com\/wp-content\/uploads\/2013\/09\/olesnica.jpg\" \/><\/a><\/p>\n<p><a href=\"http:\/\/www.olesnica.pl\/sm\/wydarzenia\/2223-xvi-dni-europy-niedziela\">http:\/\/www.olesnica.pl\/sm\/wydarzenia\/2223-xvi-dni-europy-niedziela<\/a><\/p>\n","protected":false},"excerpt":{"rendered":"<p>XVI Dni Europy w Ole\u015bnicy &#8211; 22 wrze\u015bnia 2013<\/p>\n","protected":false},"author":1,"featured_media":2652,"comment_status":"closed","ping_status":"closed","sticky":false,"template":"","format":"standard","meta":{"ngg_post_thumbnail":0,"_jetpack_memberships_contains_paid_content":false,"footnotes":""},"categories":[3],"tags":[],"class_list":["post-2650","post","type-post","status-publish","format-standard","has-post-thumbnail","hentry","category-news"],"yoast_head":"<!-- This site is optimized with the Yoast SEO plugin v27.5 - https:\/\/yoast.com\/product\/yoast-seo-wordpress\/ -->\n<title>XVI Dni Europy w Ole\u015bnicy - 22 wrze\u015bnia 2013 - Alicja W\u0119gorzewska<\/title>\n<meta name=\"robots\" content=\"index, follow, max-snippet:-1, max-image-preview:large, max-video-preview:-1\" \/>\n<link rel=\"canonical\" href=\"http:\/\/alicjawegorzewska.com\/index.php\/2013\/09\/22\/xvi-dni-europy-w-22-wrzesnia-2013\/\" \/>\n<meta property=\"og:locale\" content=\"pl_PL\" \/>\n<meta property=\"og:type\" content=\"article\" \/>\n<meta property=\"og:title\" content=\"XVI Dni Europy w Ole\u015bnicy - 22 wrze\u015bnia 2013 - Alicja W\u0119gorzewska\" \/>\n<meta property=\"og:description\" content=\"XVI Dni Europy w Ole\u015bnicy - 22 wrze\u015bnia 2013\" \/>\n<meta property=\"og:url\" content=\"http:\/\/alicjawegorzewska.com\/index.php\/2013\/09\/22\/xvi-dni-europy-w-22-wrzesnia-2013\/\" \/>\n<meta property=\"og:site_name\" content=\"Alicja W\u0119gorzewska\" \/>\n<meta property=\"article:published_time\" content=\"2013-09-22T18:05:18+00:00\" \/>\n<meta name=\"author\" content=\"admin\" \/>\n<meta name=\"twitter:card\" content=\"summary_large_image\" \/>\n<meta name=\"twitter:label1\" content=\"Napisane przez\" \/>\n\t<meta name=\"twitter:data1\" content=\"admin\" \/>\n\t<meta name=\"twitter:label2\" content=\"Szacowany czas czytania\" \/>\n\t<meta name=\"twitter:data2\" content=\"1 minuta\" \/>\n<script type=\"application\/ld+json\" class=\"yoast-schema-graph\">{\"@context\":\"https:\\\/\\\/schema.org\",\"@graph\":[{\"@type\":\"Article\",\"@id\":\"http:\\\/\\\/alicjawegorzewska.com\\\/index.php\\\/2013\\\/09\\\/22\\\/xvi-dni-europy-w-22-wrzesnia-2013\\\/#article\",\"isPartOf\":{\"@id\":\"http:\\\/\\\/alicjawegorzewska.com\\\/index.php\\\/2013\\\/09\\\/22\\\/xvi-dni-europy-w-22-wrzesnia-2013\\\/\"},\"author\":{\"name\":\"admin\",\"@id\":\"http:\\\/\\\/alicjawegorzewska.com\\\/#\\\/schema\\\/person\\\/475664f14f11b6de18a0fe45619bdfea\"},\"headline\":\"XVI Dni Europy w Ole\u015bnicy &#8211; 22 wrze\u015bnia 2013\",\"datePublished\":\"2013-09-22T18:05:18+00:00\",\"mainEntityOfPage\":{\"@id\":\"http:\\\/\\\/alicjawegorzewska.com\\\/index.php\\\/2013\\\/09\\\/22\\\/xvi-dni-europy-w-22-wrzesnia-2013\\\/\"},\"wordCount\":143,\"publisher\":{\"@id\":\"http:\\\/\\\/alicjawegorzewska.com\\\/#\\\/schema\\\/person\\\/7468c1c1d69a9b6e8db3fe1964cd9dcb\"},\"image\":{\"@id\":\"http:\\\/\\\/alicjawegorzewska.com\\\/index.php\\\/2013\\\/09\\\/22\\\/xvi-dni-europy-w-22-wrzesnia-2013\\\/#primaryimage\"},\"thumbnailUrl\":\"\",\"articleSection\":[\"News\"],\"inLanguage\":\"pl-PL\"},{\"@type\":\"WebPage\",\"@id\":\"http:\\\/\\\/alicjawegorzewska.com\\\/index.php\\\/2013\\\/09\\\/22\\\/xvi-dni-europy-w-22-wrzesnia-2013\\\/\",\"url\":\"http:\\\/\\\/alicjawegorzewska.com\\\/index.php\\\/2013\\\/09\\\/22\\\/xvi-dni-europy-w-22-wrzesnia-2013\\\/\",\"name\":\"XVI Dni Europy w Ole\u015bnicy - 22 wrze\u015bnia 2013 - Alicja W\u0119gorzewska\",\"isPartOf\":{\"@id\":\"http:\\\/\\\/alicjawegorzewska.com\\\/#website\"},\"primaryImageOfPage\":{\"@id\":\"http:\\\/\\\/alicjawegorzewska.com\\\/index.php\\\/2013\\\/09\\\/22\\\/xvi-dni-europy-w-22-wrzesnia-2013\\\/#primaryimage\"},\"image\":{\"@id\":\"http:\\\/\\\/alicjawegorzewska.com\\\/index.php\\\/2013\\\/09\\\/22\\\/xvi-dni-europy-w-22-wrzesnia-2013\\\/#primaryimage\"},\"thumbnailUrl\":\"\",\"datePublished\":\"2013-09-22T18:05:18+00:00\",\"breadcrumb\":{\"@id\":\"http:\\\/\\\/alicjawegorzewska.com\\\/index.php\\\/2013\\\/09\\\/22\\\/xvi-dni-europy-w-22-wrzesnia-2013\\\/#breadcrumb\"},\"inLanguage\":\"pl-PL\",\"potentialAction\":[{\"@type\":\"ReadAction\",\"target\":[\"http:\\\/\\\/alicjawegorzewska.com\\\/index.php\\\/2013\\\/09\\\/22\\\/xvi-dni-europy-w-22-wrzesnia-2013\\\/\"]}]},{\"@type\":\"ImageObject\",\"inLanguage\":\"pl-PL\",\"@id\":\"http:\\\/\\\/alicjawegorzewska.com\\\/index.php\\\/2013\\\/09\\\/22\\\/xvi-dni-europy-w-22-wrzesnia-2013\\\/#primaryimage\",\"url\":\"\",\"contentUrl\":\"\"},{\"@type\":\"BreadcrumbList\",\"@id\":\"http:\\\/\\\/alicjawegorzewska.com\\\/index.php\\\/2013\\\/09\\\/22\\\/xvi-dni-europy-w-22-wrzesnia-2013\\\/#breadcrumb\",\"itemListElement\":[{\"@type\":\"ListItem\",\"position\":1,\"name\":\"Strona g\u0142\u00f3wna\",\"item\":\"http:\\\/\\\/alicjawegorzewska.com\\\/\"},{\"@type\":\"ListItem\",\"position\":2,\"name\":\"XVI Dni Europy w Ole\u015bnicy &#8211; 22 wrze\u015bnia 2013\"}]},{\"@type\":\"WebSite\",\"@id\":\"http:\\\/\\\/alicjawegorzewska.com\\\/#website\",\"url\":\"http:\\\/\\\/alicjawegorzewska.com\\\/\",\"name\":\"Alicja W\u0119gorzewska\",\"description\":\"Strona oficjalna\",\"publisher\":{\"@id\":\"http:\\\/\\\/alicjawegorzewska.com\\\/#\\\/schema\\\/person\\\/7468c1c1d69a9b6e8db3fe1964cd9dcb\"},\"potentialAction\":[{\"@type\":\"SearchAction\",\"target\":{\"@type\":\"EntryPoint\",\"urlTemplate\":\"http:\\\/\\\/alicjawegorzewska.com\\\/?s={search_term_string}\"},\"query-input\":{\"@type\":\"PropertyValueSpecification\",\"valueRequired\":true,\"valueName\":\"search_term_string\"}}],\"inLanguage\":\"pl-PL\"},{\"@type\":[\"Person\",\"Organization\"],\"@id\":\"http:\\\/\\\/alicjawegorzewska.com\\\/#\\\/schema\\\/person\\\/7468c1c1d69a9b6e8db3fe1964cd9dcb\",\"name\":\"Alicja W\u0119gorzewska-Whiskerd\",\"image\":{\"@type\":\"ImageObject\",\"inLanguage\":\"pl-PL\",\"@id\":\"https:\\\/\\\/alicjawegorzewska.com\\\/wp-content\\\/uploads\\\/2019\\\/10\\\/AW-2.png\",\"url\":\"https:\\\/\\\/alicjawegorzewska.com\\\/wp-content\\\/uploads\\\/2019\\\/10\\\/AW-2.png\",\"contentUrl\":\"https:\\\/\\\/alicjawegorzewska.com\\\/wp-content\\\/uploads\\\/2019\\\/10\\\/AW-2.png\",\"width\":500,\"height\":500,\"caption\":\"Alicja W\u0119gorzewska-Whiskerd\"},\"logo\":{\"@id\":\"https:\\\/\\\/alicjawegorzewska.com\\\/wp-content\\\/uploads\\\/2019\\\/10\\\/AW-2.png\"}},{\"@type\":\"Person\",\"@id\":\"http:\\\/\\\/alicjawegorzewska.com\\\/#\\\/schema\\\/person\\\/475664f14f11b6de18a0fe45619bdfea\",\"name\":\"admin\",\"image\":{\"@type\":\"ImageObject\",\"inLanguage\":\"pl-PL\",\"@id\":\"https:\\\/\\\/secure.gravatar.com\\\/avatar\\\/2d513f5f6b50cc1918d10d11d903f338c7cfa752907112d130ca1ce381bb16ca?s=96&d=mm&r=g\",\"url\":\"https:\\\/\\\/secure.gravatar.com\\\/avatar\\\/2d513f5f6b50cc1918d10d11d903f338c7cfa752907112d130ca1ce381bb16ca?s=96&d=mm&r=g\",\"contentUrl\":\"https:\\\/\\\/secure.gravatar.com\\\/avatar\\\/2d513f5f6b50cc1918d10d11d903f338c7cfa752907112d130ca1ce381bb16ca?s=96&d=mm&r=g\",\"caption\":\"admin\"},\"url\":\"http:\\\/\\\/alicjawegorzewska.com\\\/index.php\\\/author\\\/admin\\\/\"}]}<\/script>\n<!-- \/ Yoast SEO plugin. -->","yoast_head_json":{"title":"XVI Dni Europy w Ole\u015bnicy - 22 wrze\u015bnia 2013 - Alicja W\u0119gorzewska","robots":{"index":"index","follow":"follow","max-snippet":"max-snippet:-1","max-image-preview":"max-image-preview:large","max-video-preview":"max-video-preview:-1"},"canonical":"http:\/\/alicjawegorzewska.com\/index.php\/2013\/09\/22\/xvi-dni-europy-w-22-wrzesnia-2013\/","og_locale":"pl_PL","og_type":"article","og_title":"XVI Dni Europy w Ole\u015bnicy - 22 wrze\u015bnia 2013 - Alicja W\u0119gorzewska","og_description":"XVI Dni Europy w Ole\u015bnicy - 22 wrze\u015bnia 2013","og_url":"http:\/\/alicjawegorzewska.com\/index.php\/2013\/09\/22\/xvi-dni-europy-w-22-wrzesnia-2013\/","og_site_name":"Alicja W\u0119gorzewska","article_published_time":"2013-09-22T18:05:18+00:00","author":"admin","twitter_card":"summary_large_image","twitter_misc":{"Napisane przez":"admin","Szacowany czas czytania":"1 minuta"},"schema":{"@context":"https:\/\/schema.org","@graph":[{"@type":"Article","@id":"http:\/\/alicjawegorzewska.com\/index.php\/2013\/09\/22\/xvi-dni-europy-w-22-wrzesnia-2013\/#article","isPartOf":{"@id":"http:\/\/alicjawegorzewska.com\/index.php\/2013\/09\/22\/xvi-dni-europy-w-22-wrzesnia-2013\/"},"author":{"name":"admin","@id":"http:\/\/alicjawegorzewska.com\/#\/schema\/person\/475664f14f11b6de18a0fe45619bdfea"},"headline":"XVI Dni Europy w Ole\u015bnicy &#8211; 22 wrze\u015bnia 2013","datePublished":"2013-09-22T18:05:18+00:00","mainEntityOfPage":{"@id":"http:\/\/alicjawegorzewska.com\/index.php\/2013\/09\/22\/xvi-dni-europy-w-22-wrzesnia-2013\/"},"wordCount":143,"publisher":{"@id":"http:\/\/alicjawegorzewska.com\/#\/schema\/person\/7468c1c1d69a9b6e8db3fe1964cd9dcb"},"image":{"@id":"http:\/\/alicjawegorzewska.com\/index.php\/2013\/09\/22\/xvi-dni-europy-w-22-wrzesnia-2013\/#primaryimage"},"thumbnailUrl":"","articleSection":["News"],"inLanguage":"pl-PL"},{"@type":"WebPage","@id":"http:\/\/alicjawegorzewska.com\/index.php\/2013\/09\/22\/xvi-dni-europy-w-22-wrzesnia-2013\/","url":"http:\/\/alicjawegorzewska.com\/index.php\/2013\/09\/22\/xvi-dni-europy-w-22-wrzesnia-2013\/","name":"XVI Dni Europy w Ole\u015bnicy - 22 wrze\u015bnia 2013 - Alicja W\u0119gorzewska","isPartOf":{"@id":"http:\/\/alicjawegorzewska.com\/#website"},"primaryImageOfPage":{"@id":"http:\/\/alicjawegorzewska.com\/index.php\/2013\/09\/22\/xvi-dni-europy-w-22-wrzesnia-2013\/#primaryimage"},"image":{"@id":"http:\/\/alicjawegorzewska.com\/index.php\/2013\/09\/22\/xvi-dni-europy-w-22-wrzesnia-2013\/#primaryimage"},"thumbnailUrl":"","datePublished":"2013-09-22T18:05:18+00:00","breadcrumb":{"@id":"http:\/\/alicjawegorzewska.com\/index.php\/2013\/09\/22\/xvi-dni-europy-w-22-wrzesnia-2013\/#breadcrumb"},"inLanguage":"pl-PL","potentialAction":[{"@type":"ReadAction","target":["http:\/\/alicjawegorzewska.com\/index.php\/2013\/09\/22\/xvi-dni-europy-w-22-wrzesnia-2013\/"]}]},{"@type":"ImageObject","inLanguage":"pl-PL","@id":"http:\/\/alicjawegorzewska.com\/index.php\/2013\/09\/22\/xvi-dni-europy-w-22-wrzesnia-2013\/#primaryimage","url":"","contentUrl":""},{"@type":"BreadcrumbList","@id":"http:\/\/alicjawegorzewska.com\/index.php\/2013\/09\/22\/xvi-dni-europy-w-22-wrzesnia-2013\/#breadcrumb","itemListElement":[{"@type":"ListItem","position":1,"name":"Strona g\u0142\u00f3wna","item":"http:\/\/alicjawegorzewska.com\/"},{"@type":"ListItem","position":2,"name":"XVI Dni Europy w Ole\u015bnicy &#8211; 22 wrze\u015bnia 2013"}]},{"@type":"WebSite","@id":"http:\/\/alicjawegorzewska.com\/#website","url":"http:\/\/alicjawegorzewska.com\/","name":"Alicja W\u0119gorzewska","description":"Strona oficjalna","publisher":{"@id":"http:\/\/alicjawegorzewska.com\/#\/schema\/person\/7468c1c1d69a9b6e8db3fe1964cd9dcb"},"potentialAction":[{"@type":"SearchAction","target":{"@type":"EntryPoint","urlTemplate":"http:\/\/alicjawegorzewska.com\/?s={search_term_string}"},"query-input":{"@type":"PropertyValueSpecification","valueRequired":true,"valueName":"search_term_string"}}],"inLanguage":"pl-PL"},{"@type":["Person","Organization"],"@id":"http:\/\/alicjawegorzewska.com\/#\/schema\/person\/7468c1c1d69a9b6e8db3fe1964cd9dcb","name":"Alicja W\u0119gorzewska-Whiskerd","image":{"@type":"ImageObject","inLanguage":"pl-PL","@id":"https:\/\/alicjawegorzewska.com\/wp-content\/uploads\/2019\/10\/AW-2.png","url":"https:\/\/alicjawegorzewska.com\/wp-content\/uploads\/2019\/10\/AW-2.png","contentUrl":"https:\/\/alicjawegorzewska.com\/wp-content\/uploads\/2019\/10\/AW-2.png","width":500,"height":500,"caption":"Alicja W\u0119gorzewska-Whiskerd"},"logo":{"@id":"https:\/\/alicjawegorzewska.com\/wp-content\/uploads\/2019\/10\/AW-2.png"}},{"@type":"Person","@id":"http:\/\/alicjawegorzewska.com\/#\/schema\/person\/475664f14f11b6de18a0fe45619bdfea","name":"admin","image":{"@type":"ImageObject","inLanguage":"pl-PL","@id":"https:\/\/secure.gravatar.com\/avatar\/2d513f5f6b50cc1918d10d11d903f338c7cfa752907112d130ca1ce381bb16ca?s=96&d=mm&r=g","url":"https:\/\/secure.gravatar.com\/avatar\/2d513f5f6b50cc1918d10d11d903f338c7cfa752907112d130ca1ce381bb16ca?s=96&d=mm&r=g","contentUrl":"https:\/\/secure.gravatar.com\/avatar\/2d513f5f6b50cc1918d10d11d903f338c7cfa752907112d130ca1ce381bb16ca?s=96&d=mm&r=g","caption":"admin"},"url":"http:\/\/alicjawegorzewska.com\/index.php\/author\/admin\/"}]}},"jetpack_featured_media_url":"","jetpack_sharing_enabled":true,"_links":{"self":[{"href":"http:\/\/alicjawegorzewska.com\/index.php\/wp-json\/wp\/v2\/posts\/2650","targetHints":{"allow":["GET"]}}],"collection":[{"href":"http:\/\/alicjawegorzewska.com\/index.php\/wp-json\/wp\/v2\/posts"}],"about":[{"href":"http:\/\/alicjawegorzewska.com\/index.php\/wp-json\/wp\/v2\/types\/post"}],"author":[{"embeddable":true,"href":"http:\/\/alicjawegorzewska.com\/index.php\/wp-json\/wp\/v2\/users\/1"}],"replies":[{"embeddable":true,"href":"http:\/\/alicjawegorzewska.com\/index.php\/wp-json\/wp\/v2\/comments?post=2650"}],"version-history":[{"count":0,"href":"http:\/\/alicjawegorzewska.com\/index.php\/wp-json\/wp\/v2\/posts\/2650\/revisions"}],"wp:featuredmedia":[{"embeddable":true,"href":"http:\/\/alicjawegorzewska.com\/index.php\/wp-json\/"}],"wp:attachment":[{"href":"http:\/\/alicjawegorzewska.com\/index.php\/wp-json\/wp\/v2\/media?parent=2650"}],"wp:term":[{"taxonomy":"category","embeddable":true,"href":"http:\/\/alicjawegorzewska.com\/index.php\/wp-json\/wp\/v2\/categories?post=2650"},{"taxonomy":"post_tag","embeddable":true,"href":"http:\/\/alicjawegorzewska.com\/index.php\/wp-json\/wp\/v2\/tags?post=2650"}],"curies":[{"name":"wp","href":"https:\/\/api.w.org\/{rel}","templated":true}]}}