{"id":2130,"date":"2011-04-23T19:49:03","date_gmt":"2011-04-23T17:49:03","guid":{"rendered":"http:\/\/www.alicjawegorzewska.com\/?p=2130"},"modified":"2011-04-23T19:49:03","modified_gmt":"2011-04-23T17:49:03","slug":"wielkanocne-sniadanie-dla-dzieci-u-kardynala-nycza-23-kwietnia-2011","status":"publish","type":"post","link":"http:\/\/alicjawegorzewska.com\/index.php\/2011\/04\/23\/wielkanocne-sniadanie-dla-dzieci-u-kardynala-nycza-23-kwietnia-2011\/","title":{"rendered":"Wielkanocne \u015bniadanie dla dzieci u kardyna\u0142a Nycza &#8211; 23 kwietnia 2011"},"content":{"rendered":"<p><b><b><\/b><\/b>Najm\u0142odsi wraz ze swoimi rodzicami przyszli dzi\u015b do Domu Arcybiskup\u00f3w Warszawskich na wielkanocne \u015bniadanie z kard. Kazimierzem Nyczem, zorganizowane przez Caritas Polska. Spotkanie by\u0142o okazj\u0105 do promowania programu \u201eSkrzyd\u0142a\u201d prowadzonego przez Caritas, a polegaj\u0105cego na wsparciu ubogich, ale zdolnych dzieci.<\/p>\n<div><\/div>\n<div><a class=\"jackbox\" href=\"http:\/\/www.alicjawegorzewska.com\/wp-content\/uploads\/2013\/04\/Wielkanoc-Nycz-20113.jpg\" data-jbgroup=\"News\"><img decoding=\"async\" class=\"alignnone size-medium wp-image-2134\" alt=\"Wielkanoc Nycz 20113\" src=\"http:\/\/www.alicjawegorzewska.com\/wp-content\/uploads\/2013\/04\/Wielkanoc-Nycz-20113-199x300.jpg\" \/><\/a> <a class=\"jackbox\" href=\"http:\/\/www.alicjawegorzewska.com\/wp-content\/uploads\/2013\/04\/Wielkanoc-Nycz-20114.jpg\" data-jbgroup=\"News\"><img decoding=\"async\" class=\"alignnone size-medium wp-image-2135\" alt=\"Wielkanoc Nycz 20114\" src=\"http:\/\/www.alicjawegorzewska.com\/wp-content\/uploads\/2013\/04\/Wielkanoc-Nycz-20114-199x300.jpg\" \/><\/a> <a class=\"jackbox\" href=\"http:\/\/www.alicjawegorzewska.com\/wp-content\/uploads\/2013\/04\/Wielkanoc-Nycz-20115.jpg\" data-jbgroup=\"News\"><img decoding=\"async\" class=\"alignnone size-medium wp-image-2136\" alt=\"Wielkanoc Nycz 20115\" src=\"http:\/\/www.alicjawegorzewska.com\/wp-content\/uploads\/2013\/04\/Wielkanoc-Nycz-20115-199x300.jpg\" \/><\/a> <a class=\"jackbox\" href=\"http:\/\/www.alicjawegorzewska.com\/wp-content\/uploads\/2013\/04\/Wielkanoc-Nycz-20116.jpg\" data-jbgroup=\"News\"><img decoding=\"async\" class=\"alignnone size-medium wp-image-2137\" alt=\"Wielkanoc Nycz 20116\" src=\"http:\/\/www.alicjawegorzewska.com\/wp-content\/uploads\/2013\/04\/Wielkanoc-Nycz-20116-199x300.jpg\" \/><\/a> <a class=\"jackbox\" href=\"http:\/\/www.alicjawegorzewska.com\/wp-content\/uploads\/2013\/04\/Wielkanoc-Nycz-20117.jpg\" data-jbgroup=\"News\"><img decoding=\"async\" class=\"alignnone size-medium wp-image-2138\" alt=\"Wielkanoc Nycz 20117\" src=\"http:\/\/www.alicjawegorzewska.com\/wp-content\/uploads\/2013\/04\/Wielkanoc-Nycz-20117-300x218.jpg\" \/><\/a> <a class=\"jackbox\" href=\"http:\/\/www.alicjawegorzewska.com\/wp-content\/uploads\/2013\/04\/Wielkanoc-Nycz-20111.jpg\" data-jbgroup=\"News\"><img decoding=\"async\" class=\"alignnone size-medium wp-image-2139\" alt=\"Wielkanoc Nycz 20111\" src=\"http:\/\/www.alicjawegorzewska.com\/wp-content\/uploads\/2013\/04\/Wielkanoc-Nycz-20111-199x300.jpg\" \/><\/a> <a class=\"jackbox\" href=\"http:\/\/www.alicjawegorzewska.com\/wp-content\/uploads\/2013\/04\/Wielkanoc-Nycz-20112.jpg\" data-jbgroup=\"News\"><img decoding=\"async\" class=\"alignnone size-medium wp-image-2140\" alt=\"Wielkanoc Nycz 20112\" src=\"http:\/\/www.alicjawegorzewska.com\/wp-content\/uploads\/2013\/04\/Wielkanoc-Nycz-20112-199x300.jpg\" \/><\/a><\/div>\n<div align=\"center\"><\/div>\n<div>\n<p>Przed po\u0142udniem w Wielk\u0105 Sobot\u0119 Dom Arcybiskup\u00f3w Warszawskich wype\u0142ni\u0142 si\u0119 dzie\u0107mi, kt\u00f3re na zaproszenie Caritas Polska przysz\u0142y na wielkanocne \u015bniadanie z kard. Kazimierzem Nyczem. Najm\u0142odszym towarzyszyli znani rodzice, w\u015br\u00f3d kt\u00f3rych byli Maciej Or\u0142o\u015b, Beata Pawlikowska,<strong> Alicja\u00a0<\/strong><b>W\u0119gorzewska<\/b>, Dorota Zawadzka, Andrzej Krzywy z zespo\u0142u De Mono, czy Olivier Janiak.Zwracaj\u0105c si\u0119 do dzieci kard. Nycz zwr\u00f3ci\u0142 uwag\u0119 na wa\u017cno\u015b\u0107 \u015bniadania wielkanocnego, kt\u00f3re b\u0119dziemy je\u015b\u0107 w najbli\u017csz\u0105 niedziel\u0119. \u201eTego \u015bniadania nie zast\u0105pi nawet \u015bniadanie u kardyna\u0142a\u201d &#8211; m\u00f3wi\u0142 do dzieci metropolita warszawski.\u015awi\u0105teczne spotkanie by\u0142o okazj\u0105 do promowania prowadzonego przez Caritas programu \u201eSkrzyd\u0142a\u201d. Polega on na\u00a0<a id=\"xClaimOglasId-418362-1\" target=\"_blank\" rel=\"noopener noreferrer\"><\/a>pomocy\u00a0materialnej uczniom. Jego celem jest wyr\u00f3wnanie szans edukacyjnych dzieci, kt\u00f3re z powodu braku \u015brodk\u00f3w materialnych w rodzinach nie maj\u0105 szans na osi\u0105gni\u0119cie\u00a0<a id=\"xClaimOglasId-420542-2\" target=\"_blank\" rel=\"noopener noreferrer\"><\/a>sukcesu\u00a0zawodowego.<\/p>\n<p>Dyrektor Caritas Polska ks. Marian Subocz powiedzia\u0142, \u017ce inspiracj\u0105 do powstania programu by\u0142a wypowied\u017a Jana Paw\u0142a II, kt\u00f3ry w 2002 r. na B\u0142oniach w Krakowie m\u00f3wi\u0142 o nowej\u00a0<a id=\"xClaimOglasId-419004-3\" target=\"_blank\" rel=\"noopener noreferrer\"><\/a>wyobra\u017ani\u00a0mi\u0142osierdzia. \u201eW 2005 r. Caritas Polska wprowadzi\u0142 program \u201eSkrzyd\u0142a\u201d, a skrzyd\u0142a pomagaj\u0105 wznosi\u0107 si\u0119, lata\u0107. Chodzi nam o to, by wspomaga\u0107 poprzez stypendia ubogie dzieci, kt\u00f3re znalaz\u0142y si\u0119 w trudnej sytuacji\u201d &#8211; powiedzia\u0142 ks. Subocz. Jak poinformowa\u0142, programem obj\u0119tych jest ju\u017c 3 tys., dzieci.<\/p>\n<p>Dyrektor Caritas Polska powiedzia\u0142, \u017ce dzi\u0119ki nowemu partnerowi akcji &#8211; Fermie Oldar, kt\u00f3ra dostarcza na polski rynek kurze jajka, takich stypendi\u00f3w b\u0119dzie o 500 wi\u0119cej. Bowiem 1 grosz od ka\u017cdego sprzedanego jajka zostanie przekazany na rzecz programu \u201eSkrzyd\u0142a\u201d.<\/p>\n<p>W rozmowie z dziennikarzami kard. Nycz podkre\u015bli\u0142, \u017ce ka\u017cdy &#8211; na miar\u0119 sowich mo\u017cliwo\u015bci &#8211; mo\u017ce w\u0142\u0105czy\u0107 si\u0119 w program \u201eSkrzyd\u0142a\u201d i mie\u0107 \u015bwiadomo\u015b\u0107, \u017ce konkretne dziecko z tej pomocy skorzysta. \u201eChodzi o to, \u017ceby tak, jak to chcia\u0142 Jan Pawe\u0142 II i jak to jest cz\u0119\u015bci\u0105 tej akcji, by skrzyd\u0142a ludzkiej dobroci, potrafi\u0142y m\u0142odych ludzi unie\u015b\u0107 i wynie\u015b\u0107 na taki poziom doros\u0142o\u015bci i wykszta\u0142cenia, \u017ceby sobie te dzieci poradzi\u0142y\u201d &#8211; powiedzia\u0142 metropolita warszawski.<\/p>\n<p>W czasie spotkania kard. Nycz po\u015bwi\u0119ci\u0142 wielkanocne pokarmy, po czym\u00a0<a id=\"xClaimOglasId-424881-4\" target=\"_blank\" rel=\"noopener noreferrer\"><\/a>dzieci\u00a0wraz ze swoimi rodzicami zasiedli do malowania pisanek. Tym razem nie malowano jednak jajek kurzych, co mog\u0142oby maluchom sprawi\u0107 nieco trudno\u015bci. Pisanki powsta\u0142y zatem z jajek strusich. Najm\u0142odsi mogli r\u00f3wnie\u017c wej\u015b\u0107 do ogrodu Domu Arcybiskup\u00f3w Warszawskich, gdzie w r\u00f3\u017cnych miejscach ukryte zosta\u0142y s\u0142odkie jajka.<\/p>\n<\/div>\n","protected":false},"excerpt":{"rendered":"<p>Najm\u0142odsi wraz ze swoimi rodzicami przyszli dzi\u015b do Domu Arcybiskup\u00f3w Warszawskich na wielkanocne \u015bniadanie z kard. Kazimierzem Nyczem, zorganizowane przez Caritas Polska. Spotkanie by\u0142o okazj\u0105 do promowania programu \u201eSkrzyd\u0142a\u201d prowadzonego przez Caritas, a polegaj\u0105cego na wsparciu ubogich, ale zdolnych dzieci.<\/p>\n","protected":false},"author":1,"featured_media":2138,"comment_status":"closed","ping_status":"closed","sticky":false,"template":"","format":"standard","meta":{"ngg_post_thumbnail":0,"_jetpack_memberships_contains_paid_content":false,"footnotes":""},"categories":[3],"tags":[],"class_list":["post-2130","post","type-post","status-publish","format-standard","has-post-thumbnail","hentry","category-news"],"yoast_head":"<!-- This site is optimized with the Yoast SEO plugin v27.5 - https:\/\/yoast.com\/product\/yoast-seo-wordpress\/ -->\n<title>Wielkanocne \u015bniadanie dla dzieci u kardyna\u0142a Nycza - 23 kwietnia 2011 - Alicja W\u0119gorzewska<\/title>\n<meta name=\"robots\" content=\"index, follow, max-snippet:-1, max-image-preview:large, max-video-preview:-1\" \/>\n<link rel=\"canonical\" href=\"http:\/\/alicjawegorzewska.com\/index.php\/2011\/04\/23\/wielkanocne-sniadanie-dla-dzieci-u-kardynala-nycza-23-kwietnia-2011\/\" \/>\n<meta property=\"og:locale\" content=\"pl_PL\" \/>\n<meta property=\"og:type\" content=\"article\" \/>\n<meta property=\"og:title\" content=\"Wielkanocne \u015bniadanie dla dzieci u kardyna\u0142a Nycza - 23 kwietnia 2011 - Alicja W\u0119gorzewska\" \/>\n<meta property=\"og:description\" content=\"Najm\u0142odsi wraz ze swoimi rodzicami przyszli dzi\u015b do Domu Arcybiskup\u00f3w Warszawskich na wielkanocne \u015bniadanie z kard. Kazimierzem Nyczem, zorganizowane przez Caritas Polska. Spotkanie by\u0142o okazj\u0105 do promowania programu \u201eSkrzyd\u0142a\u201d prowadzonego przez Caritas, a polegaj\u0105cego na wsparciu ubogich, ale zdolnych dzieci.\" \/>\n<meta property=\"og:url\" content=\"http:\/\/alicjawegorzewska.com\/index.php\/2011\/04\/23\/wielkanocne-sniadanie-dla-dzieci-u-kardynala-nycza-23-kwietnia-2011\/\" \/>\n<meta property=\"og:site_name\" content=\"Alicja W\u0119gorzewska\" \/>\n<meta property=\"article:published_time\" content=\"2011-04-23T17:49:03+00:00\" \/>\n<meta name=\"author\" content=\"admin\" \/>\n<meta name=\"twitter:card\" content=\"summary_large_image\" \/>\n<meta name=\"twitter:label1\" content=\"Napisane przez\" \/>\n\t<meta name=\"twitter:data1\" content=\"admin\" \/>\n\t<meta name=\"twitter:label2\" content=\"Szacowany czas czytania\" \/>\n\t<meta name=\"twitter:data2\" content=\"2 minuty\" \/>\n<script type=\"application\/ld+json\" class=\"yoast-schema-graph\">{\"@context\":\"https:\\\/\\\/schema.org\",\"@graph\":[{\"@type\":\"Article\",\"@id\":\"http:\\\/\\\/alicjawegorzewska.com\\\/index.php\\\/2011\\\/04\\\/23\\\/wielkanocne-sniadanie-dla-dzieci-u-kardynala-nycza-23-kwietnia-2011\\\/#article\",\"isPartOf\":{\"@id\":\"http:\\\/\\\/alicjawegorzewska.com\\\/index.php\\\/2011\\\/04\\\/23\\\/wielkanocne-sniadanie-dla-dzieci-u-kardynala-nycza-23-kwietnia-2011\\\/\"},\"author\":{\"name\":\"admin\",\"@id\":\"http:\\\/\\\/alicjawegorzewska.com\\\/#\\\/schema\\\/person\\\/475664f14f11b6de18a0fe45619bdfea\"},\"headline\":\"Wielkanocne \u015bniadanie dla dzieci u kardyna\u0142a Nycza &#8211; 23 kwietnia 2011\",\"datePublished\":\"2011-04-23T17:49:03+00:00\",\"mainEntityOfPage\":{\"@id\":\"http:\\\/\\\/alicjawegorzewska.com\\\/index.php\\\/2011\\\/04\\\/23\\\/wielkanocne-sniadanie-dla-dzieci-u-kardynala-nycza-23-kwietnia-2011\\\/\"},\"wordCount\":484,\"publisher\":{\"@id\":\"http:\\\/\\\/alicjawegorzewska.com\\\/#\\\/schema\\\/person\\\/7468c1c1d69a9b6e8db3fe1964cd9dcb\"},\"image\":{\"@id\":\"http:\\\/\\\/alicjawegorzewska.com\\\/index.php\\\/2011\\\/04\\\/23\\\/wielkanocne-sniadanie-dla-dzieci-u-kardynala-nycza-23-kwietnia-2011\\\/#primaryimage\"},\"thumbnailUrl\":\"\",\"articleSection\":[\"News\"],\"inLanguage\":\"pl-PL\"},{\"@type\":\"WebPage\",\"@id\":\"http:\\\/\\\/alicjawegorzewska.com\\\/index.php\\\/2011\\\/04\\\/23\\\/wielkanocne-sniadanie-dla-dzieci-u-kardynala-nycza-23-kwietnia-2011\\\/\",\"url\":\"http:\\\/\\\/alicjawegorzewska.com\\\/index.php\\\/2011\\\/04\\\/23\\\/wielkanocne-sniadanie-dla-dzieci-u-kardynala-nycza-23-kwietnia-2011\\\/\",\"name\":\"Wielkanocne \u015bniadanie dla dzieci u kardyna\u0142a Nycza - 23 kwietnia 2011 - Alicja W\u0119gorzewska\",\"isPartOf\":{\"@id\":\"http:\\\/\\\/alicjawegorzewska.com\\\/#website\"},\"primaryImageOfPage\":{\"@id\":\"http:\\\/\\\/alicjawegorzewska.com\\\/index.php\\\/2011\\\/04\\\/23\\\/wielkanocne-sniadanie-dla-dzieci-u-kardynala-nycza-23-kwietnia-2011\\\/#primaryimage\"},\"image\":{\"@id\":\"http:\\\/\\\/alicjawegorzewska.com\\\/index.php\\\/2011\\\/04\\\/23\\\/wielkanocne-sniadanie-dla-dzieci-u-kardynala-nycza-23-kwietnia-2011\\\/#primaryimage\"},\"thumbnailUrl\":\"\",\"datePublished\":\"2011-04-23T17:49:03+00:00\",\"breadcrumb\":{\"@id\":\"http:\\\/\\\/alicjawegorzewska.com\\\/index.php\\\/2011\\\/04\\\/23\\\/wielkanocne-sniadanie-dla-dzieci-u-kardynala-nycza-23-kwietnia-2011\\\/#breadcrumb\"},\"inLanguage\":\"pl-PL\",\"potentialAction\":[{\"@type\":\"ReadAction\",\"target\":[\"http:\\\/\\\/alicjawegorzewska.com\\\/index.php\\\/2011\\\/04\\\/23\\\/wielkanocne-sniadanie-dla-dzieci-u-kardynala-nycza-23-kwietnia-2011\\\/\"]}]},{\"@type\":\"ImageObject\",\"inLanguage\":\"pl-PL\",\"@id\":\"http:\\\/\\\/alicjawegorzewska.com\\\/index.php\\\/2011\\\/04\\\/23\\\/wielkanocne-sniadanie-dla-dzieci-u-kardynala-nycza-23-kwietnia-2011\\\/#primaryimage\",\"url\":\"\",\"contentUrl\":\"\"},{\"@type\":\"BreadcrumbList\",\"@id\":\"http:\\\/\\\/alicjawegorzewska.com\\\/index.php\\\/2011\\\/04\\\/23\\\/wielkanocne-sniadanie-dla-dzieci-u-kardynala-nycza-23-kwietnia-2011\\\/#breadcrumb\",\"itemListElement\":[{\"@type\":\"ListItem\",\"position\":1,\"name\":\"Strona g\u0142\u00f3wna\",\"item\":\"http:\\\/\\\/alicjawegorzewska.com\\\/\"},{\"@type\":\"ListItem\",\"position\":2,\"name\":\"Wielkanocne \u015bniadanie dla dzieci u kardyna\u0142a Nycza &#8211; 23 kwietnia 2011\"}]},{\"@type\":\"WebSite\",\"@id\":\"http:\\\/\\\/alicjawegorzewska.com\\\/#website\",\"url\":\"http:\\\/\\\/alicjawegorzewska.com\\\/\",\"name\":\"Alicja W\u0119gorzewska\",\"description\":\"Strona oficjalna\",\"publisher\":{\"@id\":\"http:\\\/\\\/alicjawegorzewska.com\\\/#\\\/schema\\\/person\\\/7468c1c1d69a9b6e8db3fe1964cd9dcb\"},\"potentialAction\":[{\"@type\":\"SearchAction\",\"target\":{\"@type\":\"EntryPoint\",\"urlTemplate\":\"http:\\\/\\\/alicjawegorzewska.com\\\/?s={search_term_string}\"},\"query-input\":{\"@type\":\"PropertyValueSpecification\",\"valueRequired\":true,\"valueName\":\"search_term_string\"}}],\"inLanguage\":\"pl-PL\"},{\"@type\":[\"Person\",\"Organization\"],\"@id\":\"http:\\\/\\\/alicjawegorzewska.com\\\/#\\\/schema\\\/person\\\/7468c1c1d69a9b6e8db3fe1964cd9dcb\",\"name\":\"Alicja W\u0119gorzewska-Whiskerd\",\"image\":{\"@type\":\"ImageObject\",\"inLanguage\":\"pl-PL\",\"@id\":\"https:\\\/\\\/alicjawegorzewska.com\\\/wp-content\\\/uploads\\\/2019\\\/10\\\/AW-2.png\",\"url\":\"https:\\\/\\\/alicjawegorzewska.com\\\/wp-content\\\/uploads\\\/2019\\\/10\\\/AW-2.png\",\"contentUrl\":\"https:\\\/\\\/alicjawegorzewska.com\\\/wp-content\\\/uploads\\\/2019\\\/10\\\/AW-2.png\",\"width\":500,\"height\":500,\"caption\":\"Alicja W\u0119gorzewska-Whiskerd\"},\"logo\":{\"@id\":\"https:\\\/\\\/alicjawegorzewska.com\\\/wp-content\\\/uploads\\\/2019\\\/10\\\/AW-2.png\"}},{\"@type\":\"Person\",\"@id\":\"http:\\\/\\\/alicjawegorzewska.com\\\/#\\\/schema\\\/person\\\/475664f14f11b6de18a0fe45619bdfea\",\"name\":\"admin\",\"image\":{\"@type\":\"ImageObject\",\"inLanguage\":\"pl-PL\",\"@id\":\"https:\\\/\\\/secure.gravatar.com\\\/avatar\\\/2d513f5f6b50cc1918d10d11d903f338c7cfa752907112d130ca1ce381bb16ca?s=96&d=mm&r=g\",\"url\":\"https:\\\/\\\/secure.gravatar.com\\\/avatar\\\/2d513f5f6b50cc1918d10d11d903f338c7cfa752907112d130ca1ce381bb16ca?s=96&d=mm&r=g\",\"contentUrl\":\"https:\\\/\\\/secure.gravatar.com\\\/avatar\\\/2d513f5f6b50cc1918d10d11d903f338c7cfa752907112d130ca1ce381bb16ca?s=96&d=mm&r=g\",\"caption\":\"admin\"},\"url\":\"http:\\\/\\\/alicjawegorzewska.com\\\/index.php\\\/author\\\/admin\\\/\"}]}<\/script>\n<!-- \/ Yoast SEO plugin. -->","yoast_head_json":{"title":"Wielkanocne \u015bniadanie dla dzieci u kardyna\u0142a Nycza - 23 kwietnia 2011 - Alicja W\u0119gorzewska","robots":{"index":"index","follow":"follow","max-snippet":"max-snippet:-1","max-image-preview":"max-image-preview:large","max-video-preview":"max-video-preview:-1"},"canonical":"http:\/\/alicjawegorzewska.com\/index.php\/2011\/04\/23\/wielkanocne-sniadanie-dla-dzieci-u-kardynala-nycza-23-kwietnia-2011\/","og_locale":"pl_PL","og_type":"article","og_title":"Wielkanocne \u015bniadanie dla dzieci u kardyna\u0142a Nycza - 23 kwietnia 2011 - Alicja W\u0119gorzewska","og_description":"Najm\u0142odsi wraz ze swoimi rodzicami przyszli dzi\u015b do Domu Arcybiskup\u00f3w Warszawskich na wielkanocne \u015bniadanie z kard. Kazimierzem Nyczem, zorganizowane przez Caritas Polska. Spotkanie by\u0142o okazj\u0105 do promowania programu \u201eSkrzyd\u0142a\u201d prowadzonego przez Caritas, a polegaj\u0105cego na wsparciu ubogich, ale zdolnych dzieci.","og_url":"http:\/\/alicjawegorzewska.com\/index.php\/2011\/04\/23\/wielkanocne-sniadanie-dla-dzieci-u-kardynala-nycza-23-kwietnia-2011\/","og_site_name":"Alicja W\u0119gorzewska","article_published_time":"2011-04-23T17:49:03+00:00","author":"admin","twitter_card":"summary_large_image","twitter_misc":{"Napisane przez":"admin","Szacowany czas czytania":"2 minuty"},"schema":{"@context":"https:\/\/schema.org","@graph":[{"@type":"Article","@id":"http:\/\/alicjawegorzewska.com\/index.php\/2011\/04\/23\/wielkanocne-sniadanie-dla-dzieci-u-kardynala-nycza-23-kwietnia-2011\/#article","isPartOf":{"@id":"http:\/\/alicjawegorzewska.com\/index.php\/2011\/04\/23\/wielkanocne-sniadanie-dla-dzieci-u-kardynala-nycza-23-kwietnia-2011\/"},"author":{"name":"admin","@id":"http:\/\/alicjawegorzewska.com\/#\/schema\/person\/475664f14f11b6de18a0fe45619bdfea"},"headline":"Wielkanocne \u015bniadanie dla dzieci u kardyna\u0142a Nycza &#8211; 23 kwietnia 2011","datePublished":"2011-04-23T17:49:03+00:00","mainEntityOfPage":{"@id":"http:\/\/alicjawegorzewska.com\/index.php\/2011\/04\/23\/wielkanocne-sniadanie-dla-dzieci-u-kardynala-nycza-23-kwietnia-2011\/"},"wordCount":484,"publisher":{"@id":"http:\/\/alicjawegorzewska.com\/#\/schema\/person\/7468c1c1d69a9b6e8db3fe1964cd9dcb"},"image":{"@id":"http:\/\/alicjawegorzewska.com\/index.php\/2011\/04\/23\/wielkanocne-sniadanie-dla-dzieci-u-kardynala-nycza-23-kwietnia-2011\/#primaryimage"},"thumbnailUrl":"","articleSection":["News"],"inLanguage":"pl-PL"},{"@type":"WebPage","@id":"http:\/\/alicjawegorzewska.com\/index.php\/2011\/04\/23\/wielkanocne-sniadanie-dla-dzieci-u-kardynala-nycza-23-kwietnia-2011\/","url":"http:\/\/alicjawegorzewska.com\/index.php\/2011\/04\/23\/wielkanocne-sniadanie-dla-dzieci-u-kardynala-nycza-23-kwietnia-2011\/","name":"Wielkanocne \u015bniadanie dla dzieci u kardyna\u0142a Nycza - 23 kwietnia 2011 - Alicja W\u0119gorzewska","isPartOf":{"@id":"http:\/\/alicjawegorzewska.com\/#website"},"primaryImageOfPage":{"@id":"http:\/\/alicjawegorzewska.com\/index.php\/2011\/04\/23\/wielkanocne-sniadanie-dla-dzieci-u-kardynala-nycza-23-kwietnia-2011\/#primaryimage"},"image":{"@id":"http:\/\/alicjawegorzewska.com\/index.php\/2011\/04\/23\/wielkanocne-sniadanie-dla-dzieci-u-kardynala-nycza-23-kwietnia-2011\/#primaryimage"},"thumbnailUrl":"","datePublished":"2011-04-23T17:49:03+00:00","breadcrumb":{"@id":"http:\/\/alicjawegorzewska.com\/index.php\/2011\/04\/23\/wielkanocne-sniadanie-dla-dzieci-u-kardynala-nycza-23-kwietnia-2011\/#breadcrumb"},"inLanguage":"pl-PL","potentialAction":[{"@type":"ReadAction","target":["http:\/\/alicjawegorzewska.com\/index.php\/2011\/04\/23\/wielkanocne-sniadanie-dla-dzieci-u-kardynala-nycza-23-kwietnia-2011\/"]}]},{"@type":"ImageObject","inLanguage":"pl-PL","@id":"http:\/\/alicjawegorzewska.com\/index.php\/2011\/04\/23\/wielkanocne-sniadanie-dla-dzieci-u-kardynala-nycza-23-kwietnia-2011\/#primaryimage","url":"","contentUrl":""},{"@type":"BreadcrumbList","@id":"http:\/\/alicjawegorzewska.com\/index.php\/2011\/04\/23\/wielkanocne-sniadanie-dla-dzieci-u-kardynala-nycza-23-kwietnia-2011\/#breadcrumb","itemListElement":[{"@type":"ListItem","position":1,"name":"Strona g\u0142\u00f3wna","item":"http:\/\/alicjawegorzewska.com\/"},{"@type":"ListItem","position":2,"name":"Wielkanocne \u015bniadanie dla dzieci u kardyna\u0142a Nycza &#8211; 23 kwietnia 2011"}]},{"@type":"WebSite","@id":"http:\/\/alicjawegorzewska.com\/#website","url":"http:\/\/alicjawegorzewska.com\/","name":"Alicja W\u0119gorzewska","description":"Strona oficjalna","publisher":{"@id":"http:\/\/alicjawegorzewska.com\/#\/schema\/person\/7468c1c1d69a9b6e8db3fe1964cd9dcb"},"potentialAction":[{"@type":"SearchAction","target":{"@type":"EntryPoint","urlTemplate":"http:\/\/alicjawegorzewska.com\/?s={search_term_string}"},"query-input":{"@type":"PropertyValueSpecification","valueRequired":true,"valueName":"search_term_string"}}],"inLanguage":"pl-PL"},{"@type":["Person","Organization"],"@id":"http:\/\/alicjawegorzewska.com\/#\/schema\/person\/7468c1c1d69a9b6e8db3fe1964cd9dcb","name":"Alicja W\u0119gorzewska-Whiskerd","image":{"@type":"ImageObject","inLanguage":"pl-PL","@id":"https:\/\/alicjawegorzewska.com\/wp-content\/uploads\/2019\/10\/AW-2.png","url":"https:\/\/alicjawegorzewska.com\/wp-content\/uploads\/2019\/10\/AW-2.png","contentUrl":"https:\/\/alicjawegorzewska.com\/wp-content\/uploads\/2019\/10\/AW-2.png","width":500,"height":500,"caption":"Alicja W\u0119gorzewska-Whiskerd"},"logo":{"@id":"https:\/\/alicjawegorzewska.com\/wp-content\/uploads\/2019\/10\/AW-2.png"}},{"@type":"Person","@id":"http:\/\/alicjawegorzewska.com\/#\/schema\/person\/475664f14f11b6de18a0fe45619bdfea","name":"admin","image":{"@type":"ImageObject","inLanguage":"pl-PL","@id":"https:\/\/secure.gravatar.com\/avatar\/2d513f5f6b50cc1918d10d11d903f338c7cfa752907112d130ca1ce381bb16ca?s=96&d=mm&r=g","url":"https:\/\/secure.gravatar.com\/avatar\/2d513f5f6b50cc1918d10d11d903f338c7cfa752907112d130ca1ce381bb16ca?s=96&d=mm&r=g","contentUrl":"https:\/\/secure.gravatar.com\/avatar\/2d513f5f6b50cc1918d10d11d903f338c7cfa752907112d130ca1ce381bb16ca?s=96&d=mm&r=g","caption":"admin"},"url":"http:\/\/alicjawegorzewska.com\/index.php\/author\/admin\/"}]}},"jetpack_featured_media_url":"","jetpack_sharing_enabled":true,"_links":{"self":[{"href":"http:\/\/alicjawegorzewska.com\/index.php\/wp-json\/wp\/v2\/posts\/2130","targetHints":{"allow":["GET"]}}],"collection":[{"href":"http:\/\/alicjawegorzewska.com\/index.php\/wp-json\/wp\/v2\/posts"}],"about":[{"href":"http:\/\/alicjawegorzewska.com\/index.php\/wp-json\/wp\/v2\/types\/post"}],"author":[{"embeddable":true,"href":"http:\/\/alicjawegorzewska.com\/index.php\/wp-json\/wp\/v2\/users\/1"}],"replies":[{"embeddable":true,"href":"http:\/\/alicjawegorzewska.com\/index.php\/wp-json\/wp\/v2\/comments?post=2130"}],"version-history":[{"count":0,"href":"http:\/\/alicjawegorzewska.com\/index.php\/wp-json\/wp\/v2\/posts\/2130\/revisions"}],"wp:featuredmedia":[{"embeddable":true,"href":"http:\/\/alicjawegorzewska.com\/index.php\/wp-json\/"}],"wp:attachment":[{"href":"http:\/\/alicjawegorzewska.com\/index.php\/wp-json\/wp\/v2\/media?parent=2130"}],"wp:term":[{"taxonomy":"category","embeddable":true,"href":"http:\/\/alicjawegorzewska.com\/index.php\/wp-json\/wp\/v2\/categories?post=2130"},{"taxonomy":"post_tag","embeddable":true,"href":"http:\/\/alicjawegorzewska.com\/index.php\/wp-json\/wp\/v2\/tags?post=2130"}],"curies":[{"name":"wp","href":"https:\/\/api.w.org\/{rel}","templated":true}]}}