{"id":1626,"date":"2011-06-16T18:08:44","date_gmt":"2011-06-16T16:08:44","guid":{"rendered":"http:\/\/www.alicjawegorzewska.com\/?p=1626"},"modified":"2011-06-16T18:08:44","modified_gmt":"2011-06-16T16:08:44","slug":"open-air-gala-16-czerwca-2011-kalisz","status":"publish","type":"post","link":"http:\/\/alicjawegorzewska.com\/index.php\/2011\/06\/16\/open-air-gala-16-czerwca-2011-kalisz\/","title":{"rendered":"&#8222;OPEN AIR GALA&#8221; 16 CZERWCA 2011, KALISZ"},"content":{"rendered":"<p>Filharmonia Kaliska zaprasza na specjaln\u0105 edycj\u0119 Mi\u0119dzynarodowego Festiwalu Muzycznego \u201eBursztynowy Szlak&#8221; &#8211; Multimedia Amber Road Festival<br \/>\nczyli na:<br \/>\nWielki koncert plenerowy \u201eOPEN AIR GALA&#8221;<\/p>\n<p>Pi\u0105tek,17 czerwca, godz. 22:00,\u00a0 Estrada na Placu W.\u00a0Bogus\u0142awskiego w Kaliszu<\/p>\n[special_paragraph]wykonawcy:<br \/>\nAlicja W\u0118GORZEWSKA &#8211; mezzosopran (jurorka w programie Bitwa na g\u0142osy)<br \/>\nAndrzej LAMPERT &#8211; tenor (laureat Szansy na sukces)<br \/>\nLeticia MU\u0143OZ MORENO (Hiszpania) &#8211; skrzypce[\/special_paragraph]\n<p>Orkiestra Symfoniczna Filharmonii Kaliskiej<br \/>\nAdam KLOCEK \u2013 dyrygent<\/p>\n<p><a class=\"jackbox\" href=\"http:\/\/www.alicjawegorzewska.com\/wp-content\/uploads\/2013\/03\/4f83d8eb512a5_o.jpg\" data-jbgroup=\"News\"><img decoding=\"async\" class=\"alignnone size-medium wp-image-1627\" alt=\"4f83d8eb512a5_o\" src=\"http:\/\/www.alicjawegorzewska.com\/wp-content\/uploads\/2013\/03\/4f83d8eb512a5_o-199x300.jpg\" \/><\/a><\/p>\n<p>\u015awietnie \u015bpiewa, interesuj\u0105co gra, no i jest pi\u0119kna &#8211; ta lapidarna charakterystyka znakomicie oddaje ca\u0142y charakter sztuki scenicznej wielce interesuj\u0105cej polskiej \u015bpiewaczki m\u0142odego pokolenia, Alicji W\u0119gorzewskiej-Whiskerd.<br \/>\n\/Jacek Chodorowski, Trubadur 2 (43)\/2007\/<\/p>\n<p><b>Alicja W\u0119gorzewska\u00a0<\/b><br \/>\nuczestniczy\u0142a w wielu mi\u0119dzynarodowych festiwalach i galach operowych.Promuje sztuk\u0119 operow\u0105 tak\u017ce poza murami teatr\u00f3w i sal koncertowych. Cz\u0119sto go\u015bci w mediach. Wyst\u0105pi\u0142a jako go\u015b\u0107 w wielu programach telewizyjnych jak \u201e\u015apiewaj\u0105ce fortepiany&#8221; , &#8222;Jaka to melodia&#8221;, &#8222;Kocham Ci\u0119 Polsko&#8221; , &#8222;Ona i On&#8221;, dwukrotnie w \u201eJak Oni \u015bpiewaj\u0105&#8221;- duety operowe , trzykrotnie wraz z widzami Polsatu o p\u00f3\u0142nocy wita\u0142a Nowy Rok wyst\u0119pami na \u017cywo w Krakowie na Rynku Starego Miasta oraz na placu Konstytucji w Warszawie. W 2009 zagra\u0142a w serialu telewizyjnym \u201eDom nad rozlewiskiem&#8221; w roli \u015bpiewaczki operowej, Joanny. Przygotowa\u0142a specjalnie dla niej napisany przez Jerzego Snakowskiego monodram operowy \u201eDiva for Rent&#8221; (Teatr Polonia w Warszawie, 2011).<\/p>\nngg_shortcode_0_placeholder\n<p><b>Leticia Mu\u00f1oz Moreno<\/b><\/p>\n<p>Laureatka pi\u0119ciu konkurs\u00f3w mi\u0119dzynarodowych: Konkursu Henryka Szerynga (2000), Concertino Praga (2000), Nowosybirsk (2001), Saraste (2001) i Konkursu Kreislera. Otrzyma\u0142a liczne hiszpa\u0144skie i mi\u0119dzynarodowe nagrody, m.in. Nagrod\u0119 Emily Anderson 2005 przyznawan\u0105 przez Royal Philharmonic Society, stypendium muzyczne Martina przyznawane przez Philharmonia Orchestra oraz G\u0142\u00f3wn\u0105 Nagrod\u0119 Ibla 2008, po kt\u00f3rej zaproponowano jej tras\u0119 koncertow\u0105 dooko\u0142a \u015bwiata z wyst\u0119pami w najwi\u0119kszych salach koncertowych. By\u0142a r\u00f3wnie\u017c cz\u0142onkiem jury w konkursie Saraste w 2007 r.<\/p>\n<p><b>Andrzej Lampert<\/b><br \/>\nw latach 1997-1998 zosta\u0142 laureatem telewizyjnego programu TVP2 Szansa na sukces, kt\u00f3rego gwiazdami by\u0142y: Maryla Rodowicz i Justyna Steczkowska.<br \/>\nW 2000 roku Andrzej Lampert uko\u0144czy\u0142 II Liceum Og\u00f3lnokszta\u0142c\u0105ce im. Juliusza Ligonia w Chorzowie. W latach 2000-2003 studiowa\u0142 w Akademii Muzycznej na Wydziale Jazzu i Muzyki Rozrywkowej w Katowicach w klasie \u015bpiewu Renaty Danel. W 2008 roku uko\u0144czy\u0142 studia na wydziale wokalno-aktorskim (jako tenor) w Akademii Muzycznej w Krakowie, w klasie \u015bpiewu Janusza Borowicza.<\/p>\n<p><a class=\"jackbox\" href=\"http:\/\/www.alicjawegorzewska.com\/wp-content\/uploads\/2013\/03\/Open-Air-gala-Kalisz.jpg\" data-jbgroup=\"News\"><img decoding=\"async\" class=\"alignnone size-medium wp-image-1628\" alt=\"Open Air gala Kalisz\" src=\"http:\/\/www.alicjawegorzewska.com\/wp-content\/uploads\/2013\/03\/Open-Air-gala-Kalisz-254x300.jpg\" \/><\/a><\/p>\n","protected":false},"excerpt":{"rendered":"<p>&#8222;OPEN AIR GALA&#8221; 16 CZERWCA 2011, KALISZ<\/p>\n","protected":false},"author":1,"featured_media":1627,"comment_status":"closed","ping_status":"closed","sticky":false,"template":"","format":"standard","meta":{"ngg_post_thumbnail":0,"_jetpack_memberships_contains_paid_content":false,"footnotes":""},"categories":[3],"tags":[],"class_list":["post-1626","post","type-post","status-publish","format-standard","has-post-thumbnail","hentry","category-news"],"yoast_head":"<!-- This site is optimized with the Yoast SEO plugin v27.5 - https:\/\/yoast.com\/product\/yoast-seo-wordpress\/ -->\n<title>&quot;OPEN AIR GALA&quot; 16 CZERWCA 2011, KALISZ - Alicja W\u0119gorzewska<\/title>\n<meta name=\"robots\" content=\"index, follow, max-snippet:-1, max-image-preview:large, max-video-preview:-1\" \/>\n<link rel=\"canonical\" href=\"https:\/\/alicjawegorzewska.com\/index.php\/2011\/06\/16\/open-air-gala-16-czerwca-2011-kalisz\/\" \/>\n<meta property=\"og:locale\" content=\"pl_PL\" \/>\n<meta property=\"og:type\" content=\"article\" \/>\n<meta property=\"og:title\" content=\"&quot;OPEN AIR GALA&quot; 16 CZERWCA 2011, KALISZ - Alicja W\u0119gorzewska\" \/>\n<meta property=\"og:description\" content=\"&quot;OPEN AIR GALA&quot; 16 CZERWCA 2011, KALISZ\" \/>\n<meta property=\"og:url\" content=\"https:\/\/alicjawegorzewska.com\/index.php\/2011\/06\/16\/open-air-gala-16-czerwca-2011-kalisz\/\" \/>\n<meta property=\"og:site_name\" content=\"Alicja W\u0119gorzewska\" \/>\n<meta property=\"article:published_time\" content=\"2011-06-16T16:08:44+00:00\" \/>\n<meta name=\"author\" content=\"admin\" \/>\n<meta name=\"twitter:card\" content=\"summary_large_image\" \/>\n<meta name=\"twitter:label1\" content=\"Napisane przez\" \/>\n\t<meta name=\"twitter:data1\" content=\"admin\" \/>\n\t<meta name=\"twitter:label2\" content=\"Szacowany czas czytania\" \/>\n\t<meta name=\"twitter:data2\" content=\"2 minuty\" \/>\n<script type=\"application\/ld+json\" class=\"yoast-schema-graph\">{\"@context\":\"https:\\\/\\\/schema.org\",\"@graph\":[{\"@type\":\"Article\",\"@id\":\"https:\\\/\\\/alicjawegorzewska.com\\\/index.php\\\/2011\\\/06\\\/16\\\/open-air-gala-16-czerwca-2011-kalisz\\\/#article\",\"isPartOf\":{\"@id\":\"https:\\\/\\\/alicjawegorzewska.com\\\/index.php\\\/2011\\\/06\\\/16\\\/open-air-gala-16-czerwca-2011-kalisz\\\/\"},\"author\":{\"name\":\"admin\",\"@id\":\"http:\\\/\\\/alicjawegorzewska.com\\\/#\\\/schema\\\/person\\\/475664f14f11b6de18a0fe45619bdfea\"},\"headline\":\"&#8222;OPEN AIR GALA&#8221; 16 CZERWCA 2011, KALISZ\",\"datePublished\":\"2011-06-16T16:08:44+00:00\",\"mainEntityOfPage\":{\"@id\":\"https:\\\/\\\/alicjawegorzewska.com\\\/index.php\\\/2011\\\/06\\\/16\\\/open-air-gala-16-czerwca-2011-kalisz\\\/\"},\"wordCount\":401,\"publisher\":{\"@id\":\"http:\\\/\\\/alicjawegorzewska.com\\\/#\\\/schema\\\/person\\\/7468c1c1d69a9b6e8db3fe1964cd9dcb\"},\"image\":{\"@id\":\"https:\\\/\\\/alicjawegorzewska.com\\\/index.php\\\/2011\\\/06\\\/16\\\/open-air-gala-16-czerwca-2011-kalisz\\\/#primaryimage\"},\"thumbnailUrl\":\"\",\"articleSection\":[\"News\"],\"inLanguage\":\"pl-PL\"},{\"@type\":\"WebPage\",\"@id\":\"https:\\\/\\\/alicjawegorzewska.com\\\/index.php\\\/2011\\\/06\\\/16\\\/open-air-gala-16-czerwca-2011-kalisz\\\/\",\"url\":\"https:\\\/\\\/alicjawegorzewska.com\\\/index.php\\\/2011\\\/06\\\/16\\\/open-air-gala-16-czerwca-2011-kalisz\\\/\",\"name\":\"\\\"OPEN AIR GALA\\\" 16 CZERWCA 2011, KALISZ - Alicja W\u0119gorzewska\",\"isPartOf\":{\"@id\":\"http:\\\/\\\/alicjawegorzewska.com\\\/#website\"},\"primaryImageOfPage\":{\"@id\":\"https:\\\/\\\/alicjawegorzewska.com\\\/index.php\\\/2011\\\/06\\\/16\\\/open-air-gala-16-czerwca-2011-kalisz\\\/#primaryimage\"},\"image\":{\"@id\":\"https:\\\/\\\/alicjawegorzewska.com\\\/index.php\\\/2011\\\/06\\\/16\\\/open-air-gala-16-czerwca-2011-kalisz\\\/#primaryimage\"},\"thumbnailUrl\":\"\",\"datePublished\":\"2011-06-16T16:08:44+00:00\",\"breadcrumb\":{\"@id\":\"https:\\\/\\\/alicjawegorzewska.com\\\/index.php\\\/2011\\\/06\\\/16\\\/open-air-gala-16-czerwca-2011-kalisz\\\/#breadcrumb\"},\"inLanguage\":\"pl-PL\",\"potentialAction\":[{\"@type\":\"ReadAction\",\"target\":[\"https:\\\/\\\/alicjawegorzewska.com\\\/index.php\\\/2011\\\/06\\\/16\\\/open-air-gala-16-czerwca-2011-kalisz\\\/\"]}]},{\"@type\":\"ImageObject\",\"inLanguage\":\"pl-PL\",\"@id\":\"https:\\\/\\\/alicjawegorzewska.com\\\/index.php\\\/2011\\\/06\\\/16\\\/open-air-gala-16-czerwca-2011-kalisz\\\/#primaryimage\",\"url\":\"\",\"contentUrl\":\"\"},{\"@type\":\"BreadcrumbList\",\"@id\":\"https:\\\/\\\/alicjawegorzewska.com\\\/index.php\\\/2011\\\/06\\\/16\\\/open-air-gala-16-czerwca-2011-kalisz\\\/#breadcrumb\",\"itemListElement\":[{\"@type\":\"ListItem\",\"position\":1,\"name\":\"Strona g\u0142\u00f3wna\",\"item\":\"http:\\\/\\\/alicjawegorzewska.com\\\/\"},{\"@type\":\"ListItem\",\"position\":2,\"name\":\"&#8222;OPEN AIR GALA&#8221; 16 CZERWCA 2011, KALISZ\"}]},{\"@type\":\"WebSite\",\"@id\":\"http:\\\/\\\/alicjawegorzewska.com\\\/#website\",\"url\":\"http:\\\/\\\/alicjawegorzewska.com\\\/\",\"name\":\"Alicja W\u0119gorzewska\",\"description\":\"Strona oficjalna\",\"publisher\":{\"@id\":\"http:\\\/\\\/alicjawegorzewska.com\\\/#\\\/schema\\\/person\\\/7468c1c1d69a9b6e8db3fe1964cd9dcb\"},\"potentialAction\":[{\"@type\":\"SearchAction\",\"target\":{\"@type\":\"EntryPoint\",\"urlTemplate\":\"http:\\\/\\\/alicjawegorzewska.com\\\/?s={search_term_string}\"},\"query-input\":{\"@type\":\"PropertyValueSpecification\",\"valueRequired\":true,\"valueName\":\"search_term_string\"}}],\"inLanguage\":\"pl-PL\"},{\"@type\":[\"Person\",\"Organization\"],\"@id\":\"http:\\\/\\\/alicjawegorzewska.com\\\/#\\\/schema\\\/person\\\/7468c1c1d69a9b6e8db3fe1964cd9dcb\",\"name\":\"Alicja W\u0119gorzewska-Whiskerd\",\"image\":{\"@type\":\"ImageObject\",\"inLanguage\":\"pl-PL\",\"@id\":\"https:\\\/\\\/alicjawegorzewska.com\\\/wp-content\\\/uploads\\\/2019\\\/10\\\/AW-2.png\",\"url\":\"https:\\\/\\\/alicjawegorzewska.com\\\/wp-content\\\/uploads\\\/2019\\\/10\\\/AW-2.png\",\"contentUrl\":\"https:\\\/\\\/alicjawegorzewska.com\\\/wp-content\\\/uploads\\\/2019\\\/10\\\/AW-2.png\",\"width\":500,\"height\":500,\"caption\":\"Alicja W\u0119gorzewska-Whiskerd\"},\"logo\":{\"@id\":\"https:\\\/\\\/alicjawegorzewska.com\\\/wp-content\\\/uploads\\\/2019\\\/10\\\/AW-2.png\"}},{\"@type\":\"Person\",\"@id\":\"http:\\\/\\\/alicjawegorzewska.com\\\/#\\\/schema\\\/person\\\/475664f14f11b6de18a0fe45619bdfea\",\"name\":\"admin\",\"image\":{\"@type\":\"ImageObject\",\"inLanguage\":\"pl-PL\",\"@id\":\"https:\\\/\\\/secure.gravatar.com\\\/avatar\\\/2d513f5f6b50cc1918d10d11d903f338c7cfa752907112d130ca1ce381bb16ca?s=96&d=mm&r=g\",\"url\":\"https:\\\/\\\/secure.gravatar.com\\\/avatar\\\/2d513f5f6b50cc1918d10d11d903f338c7cfa752907112d130ca1ce381bb16ca?s=96&d=mm&r=g\",\"contentUrl\":\"https:\\\/\\\/secure.gravatar.com\\\/avatar\\\/2d513f5f6b50cc1918d10d11d903f338c7cfa752907112d130ca1ce381bb16ca?s=96&d=mm&r=g\",\"caption\":\"admin\"},\"url\":\"http:\\\/\\\/alicjawegorzewska.com\\\/index.php\\\/author\\\/admin\\\/\"}]}<\/script>\n<!-- \/ Yoast SEO plugin. -->","yoast_head_json":{"title":"\"OPEN AIR GALA\" 16 CZERWCA 2011, KALISZ - Alicja W\u0119gorzewska","robots":{"index":"index","follow":"follow","max-snippet":"max-snippet:-1","max-image-preview":"max-image-preview:large","max-video-preview":"max-video-preview:-1"},"canonical":"https:\/\/alicjawegorzewska.com\/index.php\/2011\/06\/16\/open-air-gala-16-czerwca-2011-kalisz\/","og_locale":"pl_PL","og_type":"article","og_title":"\"OPEN AIR GALA\" 16 CZERWCA 2011, KALISZ - Alicja W\u0119gorzewska","og_description":"\"OPEN AIR GALA\" 16 CZERWCA 2011, KALISZ","og_url":"https:\/\/alicjawegorzewska.com\/index.php\/2011\/06\/16\/open-air-gala-16-czerwca-2011-kalisz\/","og_site_name":"Alicja W\u0119gorzewska","article_published_time":"2011-06-16T16:08:44+00:00","author":"admin","twitter_card":"summary_large_image","twitter_misc":{"Napisane przez":"admin","Szacowany czas czytania":"2 minuty"},"schema":{"@context":"https:\/\/schema.org","@graph":[{"@type":"Article","@id":"https:\/\/alicjawegorzewska.com\/index.php\/2011\/06\/16\/open-air-gala-16-czerwca-2011-kalisz\/#article","isPartOf":{"@id":"https:\/\/alicjawegorzewska.com\/index.php\/2011\/06\/16\/open-air-gala-16-czerwca-2011-kalisz\/"},"author":{"name":"admin","@id":"http:\/\/alicjawegorzewska.com\/#\/schema\/person\/475664f14f11b6de18a0fe45619bdfea"},"headline":"&#8222;OPEN AIR GALA&#8221; 16 CZERWCA 2011, KALISZ","datePublished":"2011-06-16T16:08:44+00:00","mainEntityOfPage":{"@id":"https:\/\/alicjawegorzewska.com\/index.php\/2011\/06\/16\/open-air-gala-16-czerwca-2011-kalisz\/"},"wordCount":401,"publisher":{"@id":"http:\/\/alicjawegorzewska.com\/#\/schema\/person\/7468c1c1d69a9b6e8db3fe1964cd9dcb"},"image":{"@id":"https:\/\/alicjawegorzewska.com\/index.php\/2011\/06\/16\/open-air-gala-16-czerwca-2011-kalisz\/#primaryimage"},"thumbnailUrl":"","articleSection":["News"],"inLanguage":"pl-PL"},{"@type":"WebPage","@id":"https:\/\/alicjawegorzewska.com\/index.php\/2011\/06\/16\/open-air-gala-16-czerwca-2011-kalisz\/","url":"https:\/\/alicjawegorzewska.com\/index.php\/2011\/06\/16\/open-air-gala-16-czerwca-2011-kalisz\/","name":"\"OPEN AIR GALA\" 16 CZERWCA 2011, KALISZ - Alicja W\u0119gorzewska","isPartOf":{"@id":"http:\/\/alicjawegorzewska.com\/#website"},"primaryImageOfPage":{"@id":"https:\/\/alicjawegorzewska.com\/index.php\/2011\/06\/16\/open-air-gala-16-czerwca-2011-kalisz\/#primaryimage"},"image":{"@id":"https:\/\/alicjawegorzewska.com\/index.php\/2011\/06\/16\/open-air-gala-16-czerwca-2011-kalisz\/#primaryimage"},"thumbnailUrl":"","datePublished":"2011-06-16T16:08:44+00:00","breadcrumb":{"@id":"https:\/\/alicjawegorzewska.com\/index.php\/2011\/06\/16\/open-air-gala-16-czerwca-2011-kalisz\/#breadcrumb"},"inLanguage":"pl-PL","potentialAction":[{"@type":"ReadAction","target":["https:\/\/alicjawegorzewska.com\/index.php\/2011\/06\/16\/open-air-gala-16-czerwca-2011-kalisz\/"]}]},{"@type":"ImageObject","inLanguage":"pl-PL","@id":"https:\/\/alicjawegorzewska.com\/index.php\/2011\/06\/16\/open-air-gala-16-czerwca-2011-kalisz\/#primaryimage","url":"","contentUrl":""},{"@type":"BreadcrumbList","@id":"https:\/\/alicjawegorzewska.com\/index.php\/2011\/06\/16\/open-air-gala-16-czerwca-2011-kalisz\/#breadcrumb","itemListElement":[{"@type":"ListItem","position":1,"name":"Strona g\u0142\u00f3wna","item":"http:\/\/alicjawegorzewska.com\/"},{"@type":"ListItem","position":2,"name":"&#8222;OPEN AIR GALA&#8221; 16 CZERWCA 2011, KALISZ"}]},{"@type":"WebSite","@id":"http:\/\/alicjawegorzewska.com\/#website","url":"http:\/\/alicjawegorzewska.com\/","name":"Alicja W\u0119gorzewska","description":"Strona oficjalna","publisher":{"@id":"http:\/\/alicjawegorzewska.com\/#\/schema\/person\/7468c1c1d69a9b6e8db3fe1964cd9dcb"},"potentialAction":[{"@type":"SearchAction","target":{"@type":"EntryPoint","urlTemplate":"http:\/\/alicjawegorzewska.com\/?s={search_term_string}"},"query-input":{"@type":"PropertyValueSpecification","valueRequired":true,"valueName":"search_term_string"}}],"inLanguage":"pl-PL"},{"@type":["Person","Organization"],"@id":"http:\/\/alicjawegorzewska.com\/#\/schema\/person\/7468c1c1d69a9b6e8db3fe1964cd9dcb","name":"Alicja W\u0119gorzewska-Whiskerd","image":{"@type":"ImageObject","inLanguage":"pl-PL","@id":"https:\/\/alicjawegorzewska.com\/wp-content\/uploads\/2019\/10\/AW-2.png","url":"https:\/\/alicjawegorzewska.com\/wp-content\/uploads\/2019\/10\/AW-2.png","contentUrl":"https:\/\/alicjawegorzewska.com\/wp-content\/uploads\/2019\/10\/AW-2.png","width":500,"height":500,"caption":"Alicja W\u0119gorzewska-Whiskerd"},"logo":{"@id":"https:\/\/alicjawegorzewska.com\/wp-content\/uploads\/2019\/10\/AW-2.png"}},{"@type":"Person","@id":"http:\/\/alicjawegorzewska.com\/#\/schema\/person\/475664f14f11b6de18a0fe45619bdfea","name":"admin","image":{"@type":"ImageObject","inLanguage":"pl-PL","@id":"https:\/\/secure.gravatar.com\/avatar\/2d513f5f6b50cc1918d10d11d903f338c7cfa752907112d130ca1ce381bb16ca?s=96&d=mm&r=g","url":"https:\/\/secure.gravatar.com\/avatar\/2d513f5f6b50cc1918d10d11d903f338c7cfa752907112d130ca1ce381bb16ca?s=96&d=mm&r=g","contentUrl":"https:\/\/secure.gravatar.com\/avatar\/2d513f5f6b50cc1918d10d11d903f338c7cfa752907112d130ca1ce381bb16ca?s=96&d=mm&r=g","caption":"admin"},"url":"http:\/\/alicjawegorzewska.com\/index.php\/author\/admin\/"}]}},"jetpack_featured_media_url":"","jetpack_sharing_enabled":true,"_links":{"self":[{"href":"http:\/\/alicjawegorzewska.com\/index.php\/wp-json\/wp\/v2\/posts\/1626","targetHints":{"allow":["GET"]}}],"collection":[{"href":"http:\/\/alicjawegorzewska.com\/index.php\/wp-json\/wp\/v2\/posts"}],"about":[{"href":"http:\/\/alicjawegorzewska.com\/index.php\/wp-json\/wp\/v2\/types\/post"}],"author":[{"embeddable":true,"href":"http:\/\/alicjawegorzewska.com\/index.php\/wp-json\/wp\/v2\/users\/1"}],"replies":[{"embeddable":true,"href":"http:\/\/alicjawegorzewska.com\/index.php\/wp-json\/wp\/v2\/comments?post=1626"}],"version-history":[{"count":0,"href":"http:\/\/alicjawegorzewska.com\/index.php\/wp-json\/wp\/v2\/posts\/1626\/revisions"}],"wp:featuredmedia":[{"embeddable":true,"href":"http:\/\/alicjawegorzewska.com\/index.php\/wp-json\/"}],"wp:attachment":[{"href":"http:\/\/alicjawegorzewska.com\/index.php\/wp-json\/wp\/v2\/media?parent=1626"}],"wp:term":[{"taxonomy":"category","embeddable":true,"href":"http:\/\/alicjawegorzewska.com\/index.php\/wp-json\/wp\/v2\/categories?post=1626"},{"taxonomy":"post_tag","embeddable":true,"href":"http:\/\/alicjawegorzewska.com\/index.php\/wp-json\/wp\/v2\/tags?post=1626"}],"curies":[{"name":"wp","href":"https:\/\/api.w.org\/{rel}","templated":true}]}}